{"id":62919,"date":"2023-05-24T19:24:28","date_gmt":"2023-05-24T22:24:28","guid":{"rendered":"https:\/\/corrientesdetarde.com\/?p=62919"},"modified":"2023-05-24T19:24:33","modified_gmt":"2023-05-24T22:24:33","slug":"trabajadores-mineros-quieren-que-al-litio-le-vaya-bien","status":"publish","type":"post","link":"https:\/\/corrientesdetarde.com\/index.php\/politica\/trabajadores-mineros-quieren-que-al-litio-le-vaya-bien\/","title":{"rendered":"TRABAJADORES MINEROS QUIEREN QUE AL LITIO LE VAYA BIEN"},"content":{"rendered":"\n<p>(Pablo Roma, Gremiales) &#8211; El titular nacional de la Asociaci\u00f3n Obrera Minera Argentina (AOMA), H\u00e9ctor Laplace, se refiri\u00f3 a la situaci\u00f3n del litio y manifest\u00f3 su deseo de que a ese mineral &#8220;le vaya bien en la Argentina, pero no porque a otros pa\u00edses vecinos les vaya mal&#8221;, y asegur\u00f3 que &#8220;las empresas p\u00fablico-privadas pueden funcionar&#8221;.<\/p>\n\n\n\n<p>&#8220;Las provincias deben tener empresas p\u00fablicas. Los mayores dividendos de la actividad minera deben permanecer en los distritos. Es decir, no solo hay que hablar de federalismo sino practicarlo. Una manera de hacerlo es permitiendo que crezcan&#8221;, sostuvo Laplace al hablar anoche en la Sociedad Rural Argentina en la cena del Congreso de ArMinera.<\/p>\n\n\n\n<p>El dirigente afirm\u00f3 que &#8220;no hay empresas sin trabajadores ni trabajadores sin empresas&#8221;, y sostuvo que esas firmas integran &#8220;la cadena de valor de la que el gremio es gestor, porque ello implica la posibilidad de ofrecer trabajo&#8221;.<\/p>\n\n\n\n<p>Asimismo, se\u00f1al\u00f3 su &#8220;preocupaci\u00f3n&#8221; porque &#8220;la actividad metal\u00edfera no despega en el pa\u00eds y se est\u00e1n cerrando proyectos de larga data, posibilitados por cambios legislativos&#8221;, aunque realz\u00f3 &#8220;el trabajo del gremio, las empresas y el gobierno de Santa Cruz para reubicar a la gente&#8221;.<\/p>\n\n\n\n<p>&#8220;Hay muchos proyectos en danza, pero no avanzan. Quiz\u00e1 al pa\u00eds no le va tan bien para posibilitar el tipo de inversi\u00f3n que requiere la miner\u00eda metal\u00edfera&#8221;, sostuvo Laplace.<\/p>\n","protected":false},"excerpt":{"rendered":"<p>(Pablo Roma, Gremiales) &#8211; El titular nacional de la Asociaci\u00f3n Obrera Minera Argentina (AOMA), H\u00e9ctor Laplace, se refiri\u00f3 a la situaci\u00f3n del litio y manifest\u00f3 su deseo de que a&hellip; <\/p>\n","protected":false},"author":11,"featured_media":62920,"comment_status":"closed","ping_status":"open","sticky":false,"template":"","format":"standard","meta":{"footnotes":""},"categories":[3],"tags":[480,479,481,50],"class_list":["post-62919","post","type-post","status-publish","format-standard","has-post-thumbnail","hentry","category-politica","tag-aoma","tag-arminera","tag-laplace","tag-roma"],"_links":{"self":[{"href":"https:\/\/corrientesdetarde.com\/index.php\/wp-json\/wp\/v2\/posts\/62919","targetHints":{"allow":["GET"]}}],"collection":[{"href":"https:\/\/corrientesdetarde.com\/index.php\/wp-json\/wp\/v2\/posts"}],"about":[{"href":"https:\/\/corrientesdetarde.com\/index.php\/wp-json\/wp\/v2\/types\/post"}],"author":[{"embeddable":true,"href":"https:\/\/corrientesdetarde.com\/index.php\/wp-json\/wp\/v2\/users\/11"}],"replies":[{"embeddable":true,"href":"https:\/\/corrientesdetarde.com\/index.php\/wp-json\/wp\/v2\/comments?post=62919"}],"version-history":[{"count":1,"href":"https:\/\/corrientesdetarde.com\/index.php\/wp-json\/wp\/v2\/posts\/62919\/revisions"}],"predecessor-version":[{"id":62921,"href":"https:\/\/corrientesdetarde.com\/index.php\/wp-json\/wp\/v2\/posts\/62919\/revisions\/62921"}],"wp:featuredmedia":[{"embeddable":true,"href":"https:\/\/corrientesdetarde.com\/index.php\/wp-json\/wp\/v2\/media\/62920"}],"wp:attachment":[{"href":"https:\/\/corrientesdetarde.com\/index.php\/wp-json\/wp\/v2\/media?parent=62919"}],"wp:term":[{"taxonomy":"category","embeddable":true,"href":"https:\/\/corrientesdetarde.com\/index.php\/wp-json\/wp\/v2\/categories?post=62919"},{"taxonomy":"post_tag","embeddable":true,"href":"https:\/\/corrientesdetarde.com\/index.php\/wp-json\/wp\/v2\/tags?post=62919"}],"curies":[{"name":"wp","href":"https:\/\/api.w.org\/{rel}","templated":true}]}}