{"id":63070,"date":"2023-05-25T18:35:21","date_gmt":"2023-05-25T21:35:21","guid":{"rendered":"https:\/\/corrientesdetarde.com\/?p=63070"},"modified":"2023-05-25T18:35:46","modified_gmt":"2023-05-25T21:35:46","slug":"macri-y-lousteau-le-respondieron-a-cristina-fernandez","status":"publish","type":"post","link":"https:\/\/corrientesdetarde.com\/index.php\/politica\/macri-y-lousteau-le-respondieron-a-cristina-fernandez\/","title":{"rendered":"Macri y Lousteau le respondieron a Cristina Fernandez."},"content":{"rendered":"\n<h2 class=\"wp-block-heading\">En su discurso en Plaza de Mayo, Cristina lanz\u00f3 duras cr\u00edticas a la herencia recibida del gobierno de Mauricio Macri y tambi\u00e9n record\u00f3 el conflicto con el campo durante su presidencia, por el que culp\u00f3 al exministro Mart\u00edn Lousteau.<\/h2>\n\n\n\n<p>En su discurso en Plaza de Mayo,\u00a0Cristina\u00a0lanz\u00f3 duras cr\u00edticas a la herencia recibida del gobierno de\u00a0<strong>Mauricio Macri<\/strong>\u00a0y tambi\u00e9n record\u00f3 el conflicto con el campo durante su presidencia, por el que culp\u00f3 al exministro\u00a0<strong>Mart\u00edn Lousteau.<\/strong><\/p>\n\n\n\n<p>\u201cY ahora?\u201d, public\u00f3 el expresidente Macri, que retuite\u00f3 un mensaje del Economista de la consultora FMyA Fernando Marull con un gr\u00e1fico que sostiene que desde que asumi\u00f3 Alberto Fern\u00e1ndez ingresaron u$s110.000 millones y solo se pagaron al FMI, netos, u$s825 millones, mientras que el Banco Central perdi\u00f3 reservas netas por u$s13.500 millones. \u201cCuando te digan que faltan d\u00f3lares \u2018por la deuda con el FMI\u2019, solo mandale este gr\u00e1fico, con un \u2018Besis\u201d, tuite\u00f3 Marull y retuite\u00f3 Macri.<\/p>\n\n\n\n<figure class=\"wp-block-embed is-type-rich is-provider-twitter wp-block-embed-twitter\"><div class=\"wp-block-embed__wrapper\">\n<blockquote class=\"twitter-tweet\" data-width=\"550\" data-dnt=\"true\"><p lang=\"es\" dir=\"ltr\">Y ahora? <a href=\"https:\/\/t.co\/sUq8Zerrve\">https:\/\/t.co\/sUq8Zerrve<\/a><\/p>&mdash; Mauricio Macri (@mauriciomacri) <a href=\"https:\/\/twitter.com\/mauriciomacri\/status\/1661805588257406986?ref_src=twsrc%5Etfw\">May 25, 2023<\/a><\/blockquote><script async src=\"https:\/\/platform.twitter.com\/widgets.js\" charset=\"utf-8\"><\/script>\n<\/div><\/figure>\n\n\n\n<p>Adem\u00e1s, Cristina afirm\u00f3 que durante el conflicto con el campo por la resoluci\u00f3n 125 de retenciones m\u00f3viles\u00a0&#8220;casi me pongo el pa\u00eds de sombrero&#8221;. La referencia fue directa a quien fue el ide\u00f3logo de la medida, su entonces ministro de Econom\u00eda,\u00a0<strong>Mart\u00edn Lousteau.<\/strong><\/p>\n\n\n\n<p>El precandidato a jefe de gobierno porte\u00f1o por el radicalismo le contest\u00f3:<\/p>\n\n\n\n<figure class=\"wp-block-embed is-type-rich is-provider-twitter wp-block-embed-twitter\"><div class=\"wp-block-embed__wrapper\">\n<blockquote class=\"twitter-tweet\" data-width=\"550\" data-dnt=\"true\"><p lang=\"es\" dir=\"ltr\">No mienta m\u00e1s, <a href=\"https:\/\/twitter.com\/CFKArgentina?ref_src=twsrc%5Etfw\">@CFKArgentina<\/a>. La Vicepresidenta sigue sin hacerse cargo de sus errores del pasado, ni del presente desastroso que le est\u00e1 dejando su gobierno a todos los argentinos.<\/p>&mdash; Mart\u00edn Lousteau (@GugaLusto) <a href=\"https:\/\/twitter.com\/GugaLusto\/status\/1661819523874410496?ref_src=twsrc%5Etfw\">May 25, 2023<\/a><\/blockquote><script async src=\"https:\/\/platform.twitter.com\/widgets.js\" charset=\"utf-8\"><\/script>\n<\/div><\/figure>\n","protected":false},"excerpt":{"rendered":"<p>En su discurso en Plaza de Mayo, Cristina lanz\u00f3 duras cr\u00edticas a la herencia recibida del gobierno de Mauricio Macri y tambi\u00e9n record\u00f3 el conflicto con el campo durante su&hellip; <\/p>\n","protected":false},"author":6,"featured_media":63084,"comment_status":"closed","ping_status":"open","sticky":false,"template":"","format":"standard","meta":{"footnotes":""},"categories":[3],"tags":[],"class_list":["post-63070","post","type-post","status-publish","format-standard","has-post-thumbnail","hentry","category-politica"],"_links":{"self":[{"href":"https:\/\/corrientesdetarde.com\/index.php\/wp-json\/wp\/v2\/posts\/63070","targetHints":{"allow":["GET"]}}],"collection":[{"href":"https:\/\/corrientesdetarde.com\/index.php\/wp-json\/wp\/v2\/posts"}],"about":[{"href":"https:\/\/corrientesdetarde.com\/index.php\/wp-json\/wp\/v2\/types\/post"}],"author":[{"embeddable":true,"href":"https:\/\/corrientesdetarde.com\/index.php\/wp-json\/wp\/v2\/users\/6"}],"replies":[{"embeddable":true,"href":"https:\/\/corrientesdetarde.com\/index.php\/wp-json\/wp\/v2\/comments?post=63070"}],"version-history":[{"count":1,"href":"https:\/\/corrientesdetarde.com\/index.php\/wp-json\/wp\/v2\/posts\/63070\/revisions"}],"predecessor-version":[{"id":63085,"href":"https:\/\/corrientesdetarde.com\/index.php\/wp-json\/wp\/v2\/posts\/63070\/revisions\/63085"}],"wp:featuredmedia":[{"embeddable":true,"href":"https:\/\/corrientesdetarde.com\/index.php\/wp-json\/wp\/v2\/media\/63084"}],"wp:attachment":[{"href":"https:\/\/corrientesdetarde.com\/index.php\/wp-json\/wp\/v2\/media?parent=63070"}],"wp:term":[{"taxonomy":"category","embeddable":true,"href":"https:\/\/corrientesdetarde.com\/index.php\/wp-json\/wp\/v2\/categories?post=63070"},{"taxonomy":"post_tag","embeddable":true,"href":"https:\/\/corrientesdetarde.com\/index.php\/wp-json\/wp\/v2\/tags?post=63070"}],"curies":[{"name":"wp","href":"https:\/\/api.w.org\/{rel}","templated":true}]}}