{"id":63186,"date":"2023-05-26T11:07:26","date_gmt":"2023-05-26T14:07:26","guid":{"rendered":"https:\/\/corrientesdetarde.com\/?p=63186"},"modified":"2023-05-26T11:07:28","modified_gmt":"2023-05-26T14:07:28","slug":"chile-tendra-una-nueva-area-protegida","status":"publish","type":"post","link":"https:\/\/corrientesdetarde.com\/index.php\/internacionales\/chile-tendra-una-nueva-area-protegida\/","title":{"rendered":"Chile tendr\u00e1 una nueva \u00e1rea protegida."},"content":{"rendered":"\n<h2 class=\"wp-block-heading\">En el desierto de Atacama, el pa\u00eds trasandino preservar\u00e1 un fen\u00f3meno natural \u00fanico.<\/h2>\n\n\n\n<p>En el&nbsp;<strong>desierto de Atacama<\/strong>, el desierto no polar m\u00e1s \u00e1rido del mundo, el Gobierno de Chile crear\u00e1 una nueva \u00e1rea protegida: el&nbsp;<strong>Parque Nacional Desierto Florido<\/strong>. La medida tiene como objetivo contribuir a la preservaci\u00f3n del patrimonio ambiental, cultural y tur\u00edstico del pa\u00eds.<\/p>\n\n\n\n<p>En este sentido, el parque permitir\u00e1 proteger una riqueza biol\u00f3gica de\u00a0<strong>m\u00e1s de 200 especies de plantas<\/strong>, adem\u00e1s de una fauna exquisita, en una superficie de\u00a0<strong>57 mil hect\u00e1reas<\/strong>\u00a0entre los sectores de Traves\u00eda y Cha\u00f1arcillo, un \u00e1rea situada a 30 kil\u00f3metros de Copiap\u00f3 y a 80 kil\u00f3metros de Vallenar.<\/p>\n\n\n\n<p>Si bien todav\u00eda no hay detalles precisos sobre la fecha de apertura del espacio, se sabe que estar\u00e1 listo para recibir a turistas nacionales e internacionales a&nbsp;<strong>fines de 2023<\/strong>. Vale destacar que este nuevo parque nacional se sumar\u00e1 a los 44 que ya existen en el pa\u00eds.<\/p>\n\n\n\n<h2 class=\"wp-block-heading\">Qu\u00e9 es el fen\u00f3meno del desierto florido<\/h2>\n\n\n\n<p>El desierto de Atacama es uno de los sitios m\u00e1s secos del planeta, y el fen\u00f3meno del&nbsp;<strong>desierto florido<\/strong>&nbsp;-un espect\u00e1culo natural que consiste en&nbsp;<strong>la germinaci\u00f3n y el florecimiento de plantas<\/strong>&nbsp;en el lugar- sol\u00eda registrarse muy espor\u00e1dicamente: una vez cada 10 a\u00f1os.<\/p>\n\n\n\n<figure class=\"wp-block-image\"><img decoding=\"async\" src=\"https:\/\/tn.com.ar\/resizer\/vkARAYaJmUP1wcmO0z5TOUldnMA=\/767x0\/smart\/filters:format(webp)\/cloudfront-us-east-1.images.arcpublishing.com\/artear\/2U7XD4S4MVDKJA6BOZLGJ7MGHE.jpg\" alt=\"El parque permitir\u00e1 proteger a m\u00e1s de 200 especies de plantas. (Foto: Turismo Chile)\"\/><figcaption>El parque permitir\u00e1 proteger a m\u00e1s de 200 especies de plantas. (Foto: Turismo Chile)<\/figcaption><\/figure>\n\n\n\n<p>Sin embargo, con el cambio clim\u00e1tico, la&nbsp;<strong>frecuencia de las lluvias aument\u00f3<\/strong>&nbsp;y en los \u00faltimos 40 a\u00f1os se registraron unas 15 floraciones. Este fen\u00f3meno propicia el nacimiento de unas&nbsp;<strong>200 especies de flora diferentes<\/strong>, que pintan de rojo y magenta el paisaje.<\/p>\n\n\n\n<p>Se produce principalmente gracias a&nbsp;<strong>condiciones favorables de humedad<\/strong>, especialmente en primavera, despu\u00e9s de inviernos inusualmente lluviosos en la zona (con precipitaciones que sobrepasan los 15 mililitros de agua).<\/p>\n\n\n\n<h2 class=\"wp-block-heading\">C\u00f3mo es el desierto de Atacama<\/h2>\n\n\n\n<p>Ubicado entre el oc\u00e9ano Pac\u00edfico y la Cordillera de los Andes, el desierto de\u00a0<strong>Atacama<\/strong>\u00a0tiene 1.600 kil\u00f3metros de largo y es el\u00a0<strong>desierto no polar m\u00e1s \u00e1rido del mundo<\/strong>. Para dimensionar la sequ\u00eda del lugar, basta saber que es 50 veces m\u00e1s seco que el Valle de la Muerte en Estados Unidos.<\/p>\n\n\n\n<p><\/p>\n\n\n\n<p><em>Fuente: Todo Noticias.<\/em><\/p>\n","protected":false},"excerpt":{"rendered":"<p>En el desierto de Atacama, el pa\u00eds trasandino preservar\u00e1 un fen\u00f3meno natural \u00fanico. En el&nbsp;desierto de Atacama, el desierto no polar m\u00e1s \u00e1rido del mundo, el Gobierno de Chile crear\u00e1&hellip; <\/p>\n","protected":false},"author":6,"featured_media":63191,"comment_status":"closed","ping_status":"open","sticky":false,"template":"","format":"standard","meta":{"footnotes":""},"categories":[11],"tags":[],"class_list":["post-63186","post","type-post","status-publish","format-standard","has-post-thumbnail","hentry","category-internacionales"],"_links":{"self":[{"href":"https:\/\/corrientesdetarde.com\/index.php\/wp-json\/wp\/v2\/posts\/63186","targetHints":{"allow":["GET"]}}],"collection":[{"href":"https:\/\/corrientesdetarde.com\/index.php\/wp-json\/wp\/v2\/posts"}],"about":[{"href":"https:\/\/corrientesdetarde.com\/index.php\/wp-json\/wp\/v2\/types\/post"}],"author":[{"embeddable":true,"href":"https:\/\/corrientesdetarde.com\/index.php\/wp-json\/wp\/v2\/users\/6"}],"replies":[{"embeddable":true,"href":"https:\/\/corrientesdetarde.com\/index.php\/wp-json\/wp\/v2\/comments?post=63186"}],"version-history":[{"count":1,"href":"https:\/\/corrientesdetarde.com\/index.php\/wp-json\/wp\/v2\/posts\/63186\/revisions"}],"predecessor-version":[{"id":63192,"href":"https:\/\/corrientesdetarde.com\/index.php\/wp-json\/wp\/v2\/posts\/63186\/revisions\/63192"}],"wp:featuredmedia":[{"embeddable":true,"href":"https:\/\/corrientesdetarde.com\/index.php\/wp-json\/wp\/v2\/media\/63191"}],"wp:attachment":[{"href":"https:\/\/corrientesdetarde.com\/index.php\/wp-json\/wp\/v2\/media?parent=63186"}],"wp:term":[{"taxonomy":"category","embeddable":true,"href":"https:\/\/corrientesdetarde.com\/index.php\/wp-json\/wp\/v2\/categories?post=63186"},{"taxonomy":"post_tag","embeddable":true,"href":"https:\/\/corrientesdetarde.com\/index.php\/wp-json\/wp\/v2\/tags?post=63186"}],"curies":[{"name":"wp","href":"https:\/\/api.w.org\/{rel}","templated":true}]}}