{"id":63334,"date":"2023-05-27T09:03:24","date_gmt":"2023-05-27T12:03:24","guid":{"rendered":"https:\/\/corrientesdetarde.com\/?p=63334"},"modified":"2023-05-27T09:03:27","modified_gmt":"2023-05-27T12:03:27","slug":"desde-ayer-se-aplicaron-aumentos-en-precios-de-los-combustibles-2","status":"publish","type":"post","link":"https:\/\/corrientesdetarde.com\/index.php\/economia\/desde-ayer-se-aplicaron-aumentos-en-precios-de-los-combustibles-2\/","title":{"rendered":"Desde ayer se aplicaron aumentos en precios de los combustibles"},"content":{"rendered":"\n<p>La nafta S\u00faper cuesta entre $223,9 a $238,5 dependiendo de la marca, las naftas Premium de $278,2 a $290,0, el Di\u00e9sel m\u00e1s econ\u00f3mico de $244,8 a $269,9 y el Premium de $326,2 a $340,4.<\/p>\n\n\n\n<p>Desde ayer un correntino que carga Di\u00e9sel premium de YPF debe pagar hasta 73 pesos m\u00e1s que un conductor del \u00c1rea Metropolitana de Buenos Aires. Eso surge de los nuevos valores establecidos por la petrolera estatal, con la actualizaci\u00f3n del &#8220;sendero de precios&#8221;, como se dio en llamar al acuerdo que las petroleras que operan en Argentina hicieron con el ministro de econom\u00eda de la Naci\u00f3n, Sergio Massa, de aumentar un promedio de 4,9% por mes los precios de todas las variedades de hidrocarburos.<\/p>\n\n\n\n<p>Esa diferencia disminuye proporcionalmente al valor del combustible, ya sea la nafta S\u00faper o Gasoil, en sus variedades m\u00e1s baratas y m\u00e1s cotizadas.<\/p>\n\n\n\n<figure class=\"wp-block-image\"><img decoding=\"async\" src=\"https:\/\/www.diarioepoca.com\/content\/bucket\/9\/1297139w380h132c.jpg.webp\" alt=\"\"\/><\/figure>\n\n\n\n<p>Esos aumentos tambi\u00e9n se dan en un contexto de planteos de los empresarios que distribuyen combustible en la provincia de corrientes y que dan cuenta de una sustancial ca\u00edda en el consumo y retraso de las pizarras en cuanto a la evoluci\u00f3n del proceso inflacionario.<\/p>\n\n\n\n<figure class=\"wp-block-image\"><img decoding=\"async\" src=\"https:\/\/www.diarioepoca.com\/content\/bucket\/8\/1297138w380h263c.jpg.webp\" alt=\"\"\/><\/figure>\n\n\n\n<p>Con la actualizaci\u00f3n operada ayer, la nafta S\u00faper va desde $223,9 a $238,5 dependiendo de la marca, las naftas Premium de $278,2 a $290,0; el Di\u00e9sel m\u00e1s econ\u00f3mico de $244,8 a $269,9 y el Premium de $326,2 a $340,4 (ver infograf\u00eda adjunta).<\/p>\n\n\n\n<p>El nuevo incremento en los precios de los combustibles se implementa por un acuerdo de las Secretar\u00edas de Energ\u00eda y de C<\/p>\n\n\n\n<figure class=\"wp-block-image\"><img decoding=\"async\" src=\"https:\/\/www.diarioepoca.com\/content\/bucket\/7\/1297137w380h1221c.jpg.webp\" alt=\"\"\/><figcaption>ESTACIONEROS VEN CA\u00cdDA DE CONSUMO EN EL SURTIDOR.<\/figcaption><\/figure>\n\n\n\n<p>omercio durante abril, al renovarse el programa Precios Justos con el sector petrolero. Ese acuerdo estableci\u00f3 una pauta del 4% mensual en los precios de la nafta y el gasoil desde el 15 de abril hasta el 15 de agosto y fue firmado por las principales empresas de la actividad.<\/p>\n\n\n\n<p>As\u00ed, entre enero y agosto de este a\u00f1o, los combustibles registrar\u00e1n un incremento del 36%, muy por debajo de la inflaci\u00f3n proyectada para ese per\u00edodo. Adem\u00e1s, en el primer cuatrimestre de 2023, los combustibles aumentaron 18% contra una inflaci\u00f3n acumulada del 32%.<\/p>\n\n\n\n<p>El empresario del combustible, Eligio Bernes, indic\u00f3 que sus comercios vienen de meses &#8220;con un nivel de inflaci\u00f3n que primero fue del 6%, luego 7% y ahora 8,4%. Esos indicadores son casi el doble de lo que sube la nafta. Ya el a\u00f1o pasado, durante todo el a\u00f1o, la inflaci\u00f3n fue superior al 100% y en igual per\u00edodo de tiempo la nafta se encareci\u00f3 solo un 61%&#8221;.<\/p>\n\n\n\n<p>&#8220;Todo el tiempo estamos muy por debajo de la inflaci\u00f3n real, por eso se siente con fuerza la p\u00e9rdida de rentabilidad en el sector&#8221;, acot\u00f3 y complet\u00f3: &#8220;El consumo a boca de surtidor tambi\u00e9n cay\u00f3 bastante, en los \u00faltimos dos meses notamos una ca\u00edda del orden del 10%. Porque, m\u00e1s all\u00e1 de que la nafta no sea de los productos que m\u00e1s subieron, el dinero que tiene la gente lo usa, primordialmente, para comer&#8221;.<\/p>\n\n\n\n<p>Con ese panorama, desde ayer se implementaron nuevos precios en los valores de los combustibles y, parad\u00f3jicamente, los precios m\u00e1s altos se pagan por el Di\u00e9sel, tanto el com\u00fan como el premium, en todas las marcas. Algo que impacta a modo de efecto domin\u00f3 sobre todas las actividades econ\u00f3micas, ya que es el hidrocarburo usado para la log\u00edstica y transporte.<\/p>\n","protected":false},"excerpt":{"rendered":"<p>La nafta S\u00faper cuesta entre $223,9 a $238,5 dependiendo de la marca, las naftas Premium de $278,2 a $290,0, el Di\u00e9sel m\u00e1s econ\u00f3mico de $244,8 a $269,9 y el Premium&hellip; <\/p>\n","protected":false},"author":3,"featured_media":63335,"comment_status":"closed","ping_status":"open","sticky":false,"template":"","format":"standard","meta":{"footnotes":""},"categories":[20],"tags":[],"class_list":["post-63334","post","type-post","status-publish","format-standard","has-post-thumbnail","hentry","category-economia"],"_links":{"self":[{"href":"https:\/\/corrientesdetarde.com\/index.php\/wp-json\/wp\/v2\/posts\/63334","targetHints":{"allow":["GET"]}}],"collection":[{"href":"https:\/\/corrientesdetarde.com\/index.php\/wp-json\/wp\/v2\/posts"}],"about":[{"href":"https:\/\/corrientesdetarde.com\/index.php\/wp-json\/wp\/v2\/types\/post"}],"author":[{"embeddable":true,"href":"https:\/\/corrientesdetarde.com\/index.php\/wp-json\/wp\/v2\/users\/3"}],"replies":[{"embeddable":true,"href":"https:\/\/corrientesdetarde.com\/index.php\/wp-json\/wp\/v2\/comments?post=63334"}],"version-history":[{"count":1,"href":"https:\/\/corrientesdetarde.com\/index.php\/wp-json\/wp\/v2\/posts\/63334\/revisions"}],"predecessor-version":[{"id":63336,"href":"https:\/\/corrientesdetarde.com\/index.php\/wp-json\/wp\/v2\/posts\/63334\/revisions\/63336"}],"wp:featuredmedia":[{"embeddable":true,"href":"https:\/\/corrientesdetarde.com\/index.php\/wp-json\/wp\/v2\/media\/63335"}],"wp:attachment":[{"href":"https:\/\/corrientesdetarde.com\/index.php\/wp-json\/wp\/v2\/media?parent=63334"}],"wp:term":[{"taxonomy":"category","embeddable":true,"href":"https:\/\/corrientesdetarde.com\/index.php\/wp-json\/wp\/v2\/categories?post=63334"},{"taxonomy":"post_tag","embeddable":true,"href":"https:\/\/corrientesdetarde.com\/index.php\/wp-json\/wp\/v2\/tags?post=63334"}],"curies":[{"name":"wp","href":"https:\/\/api.w.org\/{rel}","templated":true}]}}