{"id":63337,"date":"2023-05-27T09:04:57","date_gmt":"2023-05-27T12:04:57","guid":{"rendered":"https:\/\/corrientesdetarde.com\/?p=63337"},"modified":"2023-05-27T09:05:00","modified_gmt":"2023-05-27T12:05:00","slug":"crimen-de-la-periodista-camaras-y-un-celular-complican-al-dueno-de-un-boliche","status":"publish","type":"post","link":"https:\/\/corrientesdetarde.com\/index.php\/policiales\/crimen-de-la-periodista-camaras-y-un-celular-complican-al-dueno-de-un-boliche\/","title":{"rendered":"Crimen de la periodista: c\u00e1maras y un celular complican al due\u00f1o de un boliche"},"content":{"rendered":"\n<p>Hallaron un arma que compromete al nuevo detenido, que habr\u00eda actuado para callar a la periodista. Liberaron a Jara, la expareja<\/p>\n\n\n\n<p>La investigaci\u00f3n por el femicidio de Griselda Blanco dio un giro significativo en las \u00faltimas horas con la detenci\u00f3n de un hombre de 46 a\u00f1os, quien tendr\u00eda una relaci\u00f3n ocasional con la v\u00edctima, y la recolecci\u00f3n de pruebas que ser\u00edan contundentes.<\/p>\n\n\n\n<p>A una semana de la aparici\u00f3n sin vida de la periodista en su casa de Curuz\u00fa Cuati\u00e1, la titular de Unidad Fiscal de Investigaciones Concretas de Curuz\u00fa Cuati\u00e1, Mar\u00eda Jos\u00e9 Barrero Sahag\u00fan, considera como m\u00f3vil del crimen que Blanco habr\u00eda extorsionado al hombre a cambio de no hacer p\u00fablica la relaci\u00f3n sentimental que manten\u00edan.<\/p>\n\n\n\n<p>La Divisi\u00f3n Homicidios de la Polic\u00eda Federal arrest\u00f3 el jueves a Dar\u00edo Holzweissig, de 46 a\u00f1os, dedicado a la fabricaci\u00f3n de muebles seg\u00fan los registros de la Afip, quien qued\u00f3 como el principal sospechoso del caso.&nbsp;<\/p>\n\n\n\n<p>Su nombre hab\u00eda sido introducido en la causa por los propios familiares de Griselda, como un hombre con quien la v\u00edctima manten\u00eda una relaci\u00f3n ocasional. Los testimonios y la apertura del celular de Blanco revelaron que el v\u00ednculo entre ambos hab\u00eda estado marcado por diversas tensiones. As\u00ed, la casa de Holzweissig fue allanada en dos ocasiones los d\u00edas 22 y 23 de este mes, pero el hombre permanec\u00eda libre.<\/p>\n\n\n\n<p>Finalmente, el juez de Garant\u00edas Mart\u00edn Vega autoriz\u00f3 su arresto, luego de nuevas evidencias que la Polic\u00eda Federal acerc\u00f3 a la fiscal y en el \u00faltimo procedimiento se marc\u00f3 un auto Suzuki Fun. Adem\u00e1s se volvi\u00f3 a rastrillar en un radio de 500 metros de la propiedad, con 40 efectivos de la PFA, la Divisi\u00f3n Canes de la Polic\u00eda de Corrientes y el Ministerio P\u00fablico Fiscal. Culmin\u00f3 con hallazgos positivos -un tel\u00e9fono desarmado y un cuchillo-, que ahora ser\u00e1n sometidos a pericias, mientras en la casa propiamente dicha se realizan pruebas biol\u00f3gicas.&nbsp;<\/p>\n\n\n\n<p>Tambi\u00e9n descubrieron que Holzweissig, supuestamente, hab\u00eda dejado su casa el s\u00e1bado 20 a las 2.11 de la madrugada. Luego, el auto Suzuki Fun fue visto en Tarrag\u00f3 Ros y Ruta 126 a las 2.13. M\u00e1s tarde, a las 2.30 en Castelli y Rivadavia. A las 3.35, el Suzuki Fun vuelve a la casa del mueblero, pero diez minutos m\u00e1s tarde, im\u00e1genes de las c\u00e1maras del lugar mostraron a un hombre muy similar al acusado, vestido con ropas oscuras, limpi\u00e1ndose las manos con una tela. Luego, el hombre entr\u00f3 a la casa otra vez.<\/p>\n\n\n\n<figure class=\"wp-block-image\"><img decoding=\"async\" src=\"https:\/\/pxc.cdn.ellitoral.com.ar\/litoral\/052023\/1685157345982.webp?cw=1125&amp;ch=1500&amp;extw=jpg\" alt=\"Crimen de la periodista: c\u00e1maras y un celular complican al due\u00f1o de un boliche\"\/><\/figure>\n\n\n\n<p>A las 4.02, el hombre volvi\u00f3 a salir, esta vez con un elemento blanco en su mano izquierda y se dirigi\u00f3 a un descampado, para volver despu\u00e9s a la casa.<\/p>\n\n\n\n<p>Hay, a su vez, otra pericia en curso. Un manojo de pelos fue encontrado en las manos de Griselda, cuyo color no es el rubio de la v\u00edctima ni el blanco de su mascota, un gato. Estas fibras son el objeto de una pericia a cargo del Ministerio P\u00fablico Fiscal, seg\u00fan confirmaron fuentes del caso.<\/p>\n\n\n\n<p>Adem\u00e1s, se encontr\u00f3 material gen\u00e9tico que no corresponde a la periodista en la soga pl\u00e1stica hallada alrededor de su cuello, con la que fue estrangulada. Ese material podr\u00e1 ser cotejado tambi\u00e9n.<\/p>\n","protected":false},"excerpt":{"rendered":"<p>Hallaron un arma que compromete al nuevo detenido, que habr\u00eda actuado para callar a la periodista. Liberaron a Jara, la expareja La investigaci\u00f3n por el femicidio de Griselda Blanco dio&hellip; <\/p>\n","protected":false},"author":3,"featured_media":63338,"comment_status":"closed","ping_status":"open","sticky":false,"template":"","format":"standard","meta":{"footnotes":""},"categories":[33],"tags":[],"class_list":["post-63337","post","type-post","status-publish","format-standard","has-post-thumbnail","hentry","category-policiales"],"_links":{"self":[{"href":"https:\/\/corrientesdetarde.com\/index.php\/wp-json\/wp\/v2\/posts\/63337","targetHints":{"allow":["GET"]}}],"collection":[{"href":"https:\/\/corrientesdetarde.com\/index.php\/wp-json\/wp\/v2\/posts"}],"about":[{"href":"https:\/\/corrientesdetarde.com\/index.php\/wp-json\/wp\/v2\/types\/post"}],"author":[{"embeddable":true,"href":"https:\/\/corrientesdetarde.com\/index.php\/wp-json\/wp\/v2\/users\/3"}],"replies":[{"embeddable":true,"href":"https:\/\/corrientesdetarde.com\/index.php\/wp-json\/wp\/v2\/comments?post=63337"}],"version-history":[{"count":1,"href":"https:\/\/corrientesdetarde.com\/index.php\/wp-json\/wp\/v2\/posts\/63337\/revisions"}],"predecessor-version":[{"id":63339,"href":"https:\/\/corrientesdetarde.com\/index.php\/wp-json\/wp\/v2\/posts\/63337\/revisions\/63339"}],"wp:featuredmedia":[{"embeddable":true,"href":"https:\/\/corrientesdetarde.com\/index.php\/wp-json\/wp\/v2\/media\/63338"}],"wp:attachment":[{"href":"https:\/\/corrientesdetarde.com\/index.php\/wp-json\/wp\/v2\/media?parent=63337"}],"wp:term":[{"taxonomy":"category","embeddable":true,"href":"https:\/\/corrientesdetarde.com\/index.php\/wp-json\/wp\/v2\/categories?post=63337"},{"taxonomy":"post_tag","embeddable":true,"href":"https:\/\/corrientesdetarde.com\/index.php\/wp-json\/wp\/v2\/tags?post=63337"}],"curies":[{"name":"wp","href":"https:\/\/api.w.org\/{rel}","templated":true}]}}