{"id":63351,"date":"2023-05-27T09:55:59","date_gmt":"2023-05-27T12:55:59","guid":{"rendered":"https:\/\/corrientesdetarde.com\/?p=63351"},"modified":"2023-05-27T09:56:02","modified_gmt":"2023-05-27T12:56:02","slug":"gimnasia-y-sarmiento-abren-la-jornada-de-sabado-en-la-liga-profesional","status":"publish","type":"post","link":"https:\/\/corrientesdetarde.com\/index.php\/deportes\/gimnasia-y-sarmiento-abren-la-jornada-de-sabado-en-la-liga-profesional\/","title":{"rendered":"GIMNASIA Y SARMIENTO ABREN LA JORNADA DE SABADO EN LA LIGA PROFESIONAL"},"content":{"rendered":"\n<p>(Corresponsalia en Buenos Aires) &#8211; Gimnasia de La Plata recibir\u00e1 a Sarmiento de Jun\u00edn desde las 11 horas en lo que ser\u00e1 la continuidad de la fecha 18 \u00b0 de s\u00e1bado de la Liga Profesional.<\/p>\n\n\n\n<p>El equipo dirigido por Sebasti\u00e1n Romero viene de conseguir un importante triunfo en el marco de la Copa Conmebol Sudamericana por un tanto contra cero ante Independiente Santa Fe de Colombia, mientras que el conjunto juninense buscar\u00e1 extender su racha invicta a un total de 5 partidos.<br>M\u00e1s tarde completaran la jornada Platense-Belgrano desde las 18 horas. Independiente &#8211; Lanus desde las 20.30.<\/p>\n","protected":false},"excerpt":{"rendered":"<p>(Corresponsalia en Buenos Aires) &#8211; Gimnasia de La Plata recibir\u00e1 a Sarmiento de Jun\u00edn desde las 11 horas en lo que ser\u00e1 la continuidad de la fecha 18 \u00b0 de&hellip; <\/p>\n","protected":false},"author":11,"featured_media":63352,"comment_status":"closed","ping_status":"open","sticky":false,"template":"","format":"standard","meta":{"footnotes":""},"categories":[4],"tags":[504,501,503,502],"class_list":["post-63351","post","type-post","status-publish","format-standard","has-post-thumbnail","hentry","category-deportes","tag-futbol","tag-gimnasia","tag-liga","tag-sarmiento"],"_links":{"self":[{"href":"https:\/\/corrientesdetarde.com\/index.php\/wp-json\/wp\/v2\/posts\/63351","targetHints":{"allow":["GET"]}}],"collection":[{"href":"https:\/\/corrientesdetarde.com\/index.php\/wp-json\/wp\/v2\/posts"}],"about":[{"href":"https:\/\/corrientesdetarde.com\/index.php\/wp-json\/wp\/v2\/types\/post"}],"author":[{"embeddable":true,"href":"https:\/\/corrientesdetarde.com\/index.php\/wp-json\/wp\/v2\/users\/11"}],"replies":[{"embeddable":true,"href":"https:\/\/corrientesdetarde.com\/index.php\/wp-json\/wp\/v2\/comments?post=63351"}],"version-history":[{"count":1,"href":"https:\/\/corrientesdetarde.com\/index.php\/wp-json\/wp\/v2\/posts\/63351\/revisions"}],"predecessor-version":[{"id":63353,"href":"https:\/\/corrientesdetarde.com\/index.php\/wp-json\/wp\/v2\/posts\/63351\/revisions\/63353"}],"wp:featuredmedia":[{"embeddable":true,"href":"https:\/\/corrientesdetarde.com\/index.php\/wp-json\/wp\/v2\/media\/63352"}],"wp:attachment":[{"href":"https:\/\/corrientesdetarde.com\/index.php\/wp-json\/wp\/v2\/media?parent=63351"}],"wp:term":[{"taxonomy":"category","embeddable":true,"href":"https:\/\/corrientesdetarde.com\/index.php\/wp-json\/wp\/v2\/categories?post=63351"},{"taxonomy":"post_tag","embeddable":true,"href":"https:\/\/corrientesdetarde.com\/index.php\/wp-json\/wp\/v2\/tags?post=63351"}],"curies":[{"name":"wp","href":"https:\/\/api.w.org\/{rel}","templated":true}]}}