{"id":63555,"date":"2023-05-28T16:54:34","date_gmt":"2023-05-28T19:54:34","guid":{"rendered":"https:\/\/corrientesdetarde.com\/?p=63555"},"modified":"2023-05-28T16:54:56","modified_gmt":"2023-05-28T19:54:56","slug":"luto-en-la-politica-fallecio-carlos-tomasella","status":"publish","type":"post","link":"https:\/\/corrientesdetarde.com\/index.php\/informacion-general\/luto-en-la-politica-fallecio-carlos-tomasella\/","title":{"rendered":"Luto en la pol\u00edtica: falleci\u00f3 Carlos Tomasella"},"content":{"rendered":"\n<p>Ten\u00eda 76 a\u00f1os y, seg\u00fan informaron sus allegados, ven\u00eda atravesando problemas de salud. Tomasella fue diputado y senador provincial; diputado y senador nacional; ministro de Educaci\u00f3n y candidato a gobernador de Corrientes, entre otras actividades vinculadas a la funci\u00f3n p\u00fablica.<\/p>\n\n\n\n<p>Carlos Tomasella hab\u00eda nacido el 7 de enero de 1947, fue diputado y senador provincial; diputado y senador nacional; ministro de Educaci\u00f3n y candidato a gobernador por el Pacto Autonomista Liberal en 1997. Adem\u00e1s, era miembro del Partido Liberal del que fue convencional y miembro del Comit\u00e9 Ejecutivo.&nbsp;<\/p>\n\n\n\n<p>Sus amigos lo recuerdan como un hombre interesado y preocupado por la realidad social que atravesaba la provincia y el pa\u00eds.&nbsp;<\/p>\n","protected":false},"excerpt":{"rendered":"<p>Ten\u00eda 76 a\u00f1os y, seg\u00fan informaron sus allegados, ven\u00eda atravesando problemas de salud. Tomasella fue diputado y senador provincial; diputado y senador nacional; ministro de Educaci\u00f3n y candidato a gobernador&hellip; <\/p>\n","protected":false},"author":3,"featured_media":63556,"comment_status":"closed","ping_status":"open","sticky":false,"template":"","format":"standard","meta":{"footnotes":""},"categories":[1],"tags":[],"class_list":["post-63555","post","type-post","status-publish","format-standard","has-post-thumbnail","hentry","category-informacion-general"],"_links":{"self":[{"href":"https:\/\/corrientesdetarde.com\/index.php\/wp-json\/wp\/v2\/posts\/63555","targetHints":{"allow":["GET"]}}],"collection":[{"href":"https:\/\/corrientesdetarde.com\/index.php\/wp-json\/wp\/v2\/posts"}],"about":[{"href":"https:\/\/corrientesdetarde.com\/index.php\/wp-json\/wp\/v2\/types\/post"}],"author":[{"embeddable":true,"href":"https:\/\/corrientesdetarde.com\/index.php\/wp-json\/wp\/v2\/users\/3"}],"replies":[{"embeddable":true,"href":"https:\/\/corrientesdetarde.com\/index.php\/wp-json\/wp\/v2\/comments?post=63555"}],"version-history":[{"count":1,"href":"https:\/\/corrientesdetarde.com\/index.php\/wp-json\/wp\/v2\/posts\/63555\/revisions"}],"predecessor-version":[{"id":63557,"href":"https:\/\/corrientesdetarde.com\/index.php\/wp-json\/wp\/v2\/posts\/63555\/revisions\/63557"}],"wp:featuredmedia":[{"embeddable":true,"href":"https:\/\/corrientesdetarde.com\/index.php\/wp-json\/wp\/v2\/media\/63556"}],"wp:attachment":[{"href":"https:\/\/corrientesdetarde.com\/index.php\/wp-json\/wp\/v2\/media?parent=63555"}],"wp:term":[{"taxonomy":"category","embeddable":true,"href":"https:\/\/corrientesdetarde.com\/index.php\/wp-json\/wp\/v2\/categories?post=63555"},{"taxonomy":"post_tag","embeddable":true,"href":"https:\/\/corrientesdetarde.com\/index.php\/wp-json\/wp\/v2\/tags?post=63555"}],"curies":[{"name":"wp","href":"https:\/\/api.w.org\/{rel}","templated":true}]}}