{"id":63564,"date":"2023-05-28T16:58:19","date_gmt":"2023-05-28T19:58:19","guid":{"rendered":"https:\/\/corrientesdetarde.com\/?p=63564"},"modified":"2023-05-28T16:58:41","modified_gmt":"2023-05-28T19:58:41","slug":"el-kilo-de-frutas-y-verduras-supera-los-1-000-en-los-supermercados","status":"publish","type":"post","link":"https:\/\/corrientesdetarde.com\/index.php\/economia\/el-kilo-de-frutas-y-verduras-supera-los-1-000-en-los-supermercados\/","title":{"rendered":"El kilo de frutas y verduras supera los $1.000 en los supermercados"},"content":{"rendered":"\n<p>En los \u00faltimos d\u00edas se dispararon los precios de algunos productos frutihort\u00edcolas. Esto gener\u00f3 que en los grandes comercios cuenten con n\u00fameros de cuatro d\u00edgitos en las g\u00f3ndolas. En las ventas ambulantes tambi\u00e9n hubo aumentos.<\/p>\n\n\n\n<p>La inflaci\u00f3n no da tregua y los productos alimenticios cada vez est\u00e1n m\u00e1s caros. En los supermercados de la ciudad de Corrientes las mayor\u00eda de las frutas y verduras los precios son superiores a los $1.000 en la compra por kilo.<\/p>\n\n\n\n<p>En los \u00faltimos d\u00edas, los precios de frutas y verduras se dispararon notablemente. En una recorrida realizada por \u00e9poca, se pudo constatar el incremento.<\/p>\n\n\n\n<p>En un supermercado ubicado en la avenida Cazadores Correntinos se pudo observar el precio del morr\u00f3n a $1.221 el kilo, mientras que el tomate redondo a $1.465.<\/p>\n\n\n\n<p>En otro de la avenida Ferr\u00e9, se pudo ver el precio del tomate perita a $936 y la lechuga a $763.<\/p>\n\n\n\n<p>En un supermercado de la calle Jun\u00edn, se observ\u00f3 que el kilo de bananas est\u00e1 a $711, mientras que la manzana roja a $1.090.<\/p>\n\n\n\n<p>En otro local de avenida 3 de Abril, el kilo de la manzana verde cuesta $1.087 y el pomelo rosado a $1.408.<\/p>\n\n\n\n<p>Ventas flojas<\/p>\n\n\n\n<p>Braian, joven vendedor de frutas y verduras en su puesto ambulante, fue entrevistado por este medio y coment\u00f3 los precios actuales de los productos y las dificultades en el rubro.<\/p>\n\n\n\n<p>Braian es vendedor frutihort\u00edcola en un puesto ambulante que suele tener una parada en la esquina de Jun\u00edn y Salta.<\/p>\n\n\n\n<p>&#8220;El caj\u00f3n de tomate sale hoy $8.900 y trae m\u00e1s o menos 15 kilogramos, con lo cual tenemos que vender a $900 el kilo y hasta $1.000 puede llegar&#8221;, se\u00f1al\u00f3.<\/p>\n\n\n\n<figure class=\"wp-block-image\"><img decoding=\"async\" src=\"https:\/\/www.diarioepoca.com\/content\/bucket\/4\/1299034w380h242c.jpg.webp\" alt=\"\"\/><figcaption>EL TOMATE ES UNO DE LOS PRODUCTOS QUE M\u00c1S INCREMENTOS TUVO EN LO QUE VA DEL PRESENTE A\u00d1O.<\/figcaption><\/figure>\n\n\n\n<p>El vendedor de frutas y verduras dijo que &#8220;todos los productos aumentan \u00faltimamente&#8221; y a\u00f1adi\u00f3 que &#8220;subi\u00f3 el precio de la banana, de la naranja, el precio de la uva. El caj\u00f3n de banana hoy est\u00e1 a $7.000 como para vender a $700 el kilogramo y antes costaba $4.000 el caj\u00f3n&#8221;. &#8220;La naranja baj\u00f3 un poquito, ahora est\u00e1 para venderla a $800 el caj\u00f3n y la pera est\u00e1 a $500 el kilo o dos kilos por $800&#8221;, dijo el joven y a\u00f1adi\u00f3 que &#8220;la uva est\u00e1 a $700 el kilogramo. La venta est\u00e1 muy floja, a veces se vende y a veces no. Est\u00e1 dif\u00edcil&#8221;, expres\u00f3 por \u00faltimo el vendedor ambulante de frutas y verduras.<\/p>\n\n\n\n<p>La papa, el aumento de la semana<\/p>\n\n\n\n<p>Como cada mi\u00e9rcoles, la plaza Torrent se llena de vida y color con la feria que se instala en el lugar.<\/p>\n\n\n\n<p>Los vecinos de la zona acuden en busca de productos frescos y a precios m\u00e1s accesibles que en los supermercados.<\/p>\n\n\n\n<p>Olga, una residente de la zona, en di\u00e1logo con uno de los periodistas de \u00e9poca expres\u00f3 su opini\u00f3n sobre la feria: &#8220;Los precios son accesibles, lo \u00fanico que ha subido es el precio de la papa. Antes se consegu\u00edan dos kilogramos por $300, pero ahora est\u00e1 a $500.<\/p>\n\n\n\n<p>El tomate se encuentra a $800, pero la cebolla ha bajado de precio. Adem\u00e1s, la espinaca se consigue entre $200 y $300. Hay que buscar los precios, pero en general la feria es mucho m\u00e1s barata que los supermercados&#8221;.<\/p>\n\n\n\n<p>Los productos ofrecidos en la feria son reconocidos por su frescura y calidad. Algunos de los vendedores son productores locales que cultivan sus propias verduras, lo que garantiza una oferta variada y buena.<\/p>\n\n\n\n<p>Los residentes del barrio aprovechan esta oportunidad para abastecerse de alimentos frescos y de calidad. La feria en la plaza Torrent se ha convertido en un punto de encuentro semanal, en el que los vecinos pueden adquirir los productos que necesitan para su hogar a la vez que apoyan a los productores locales.<\/p>\n\n\n\n<figure class=\"wp-block-image\"><img decoding=\"async\" src=\"https:\/\/www.diarioepoca.com\/content\/bucket\/3\/1299033w380h133c.jpg.webp\" alt=\"\"\/><\/figure>\n\n\n\n<h2 class=\"wp-block-heading\">Sin margen de especulaci\u00f3n<\/h2>\n\n\n\n<p>Marcos Danuzzo, desde el Mercado de Concentraci\u00f3n, coment\u00f3 los controles que realizaron a los importadores desde AFIP, la venta y lo que considera un descenso en la calidad de vida del productor.<\/p>\n\n\n\n<p>La AFIP est\u00e1 controlando el tema de importaciones y ac\u00e1 en Corrientes tambi\u00e9n estuvo haciendo controles de varias firmas que son importadoras de bananas.<\/p>\n\n\n\n<p>Ellos controlan si importamos con el d\u00f3lar oficial y ac\u00e1 no tenemos problemas porque por los precios que tenemos vendemos al precio que debemos vender.<\/p>\n","protected":false},"excerpt":{"rendered":"<p>En los \u00faltimos d\u00edas se dispararon los precios de algunos productos frutihort\u00edcolas. Esto gener\u00f3 que en los grandes comercios cuenten con n\u00fameros de cuatro d\u00edgitos en las g\u00f3ndolas. En las&hellip; <\/p>\n","protected":false},"author":3,"featured_media":63565,"comment_status":"closed","ping_status":"open","sticky":false,"template":"","format":"standard","meta":{"footnotes":""},"categories":[20],"tags":[],"class_list":["post-63564","post","type-post","status-publish","format-standard","has-post-thumbnail","hentry","category-economia"],"_links":{"self":[{"href":"https:\/\/corrientesdetarde.com\/index.php\/wp-json\/wp\/v2\/posts\/63564","targetHints":{"allow":["GET"]}}],"collection":[{"href":"https:\/\/corrientesdetarde.com\/index.php\/wp-json\/wp\/v2\/posts"}],"about":[{"href":"https:\/\/corrientesdetarde.com\/index.php\/wp-json\/wp\/v2\/types\/post"}],"author":[{"embeddable":true,"href":"https:\/\/corrientesdetarde.com\/index.php\/wp-json\/wp\/v2\/users\/3"}],"replies":[{"embeddable":true,"href":"https:\/\/corrientesdetarde.com\/index.php\/wp-json\/wp\/v2\/comments?post=63564"}],"version-history":[{"count":1,"href":"https:\/\/corrientesdetarde.com\/index.php\/wp-json\/wp\/v2\/posts\/63564\/revisions"}],"predecessor-version":[{"id":63566,"href":"https:\/\/corrientesdetarde.com\/index.php\/wp-json\/wp\/v2\/posts\/63564\/revisions\/63566"}],"wp:featuredmedia":[{"embeddable":true,"href":"https:\/\/corrientesdetarde.com\/index.php\/wp-json\/wp\/v2\/media\/63565"}],"wp:attachment":[{"href":"https:\/\/corrientesdetarde.com\/index.php\/wp-json\/wp\/v2\/media?parent=63564"}],"wp:term":[{"taxonomy":"category","embeddable":true,"href":"https:\/\/corrientesdetarde.com\/index.php\/wp-json\/wp\/v2\/categories?post=63564"},{"taxonomy":"post_tag","embeddable":true,"href":"https:\/\/corrientesdetarde.com\/index.php\/wp-json\/wp\/v2\/tags?post=63564"}],"curies":[{"name":"wp","href":"https:\/\/api.w.org\/{rel}","templated":true}]}}