{"id":64136,"date":"2023-05-31T08:50:45","date_gmt":"2023-05-31T11:50:45","guid":{"rendered":"https:\/\/corrientesdetarde.com\/?p=64136"},"modified":"2023-05-31T08:50:51","modified_gmt":"2023-05-31T11:50:51","slug":"lula-defendio-al-regimen-de-maduro-el-autoritarismo-es-una-narrativa","status":"publish","type":"post","link":"https:\/\/corrientesdetarde.com\/index.php\/internacionales\/lula-defendio-al-regimen-de-maduro-el-autoritarismo-es-una-narrativa\/","title":{"rendered":"Lula defendi\u00f3 al r\u00e9gimen de Maduro: \u201cEl autoritarismo es una narrativa\u201d"},"content":{"rendered":"\n<p>Se trata de la primera visita del mandatario venezolano a Brasil desde 2015, cuando asisti\u00f3 a toma de mandato de Dilma Rousseff para su segundo mandato.<\/p>\n\n\n\n<p><strong>El presidente de Brasil,\u00a0Luis In\u00e1cio Lula Da Silva, se reuni\u00f3 con su par venezolano, Nicol\u00e1s Maduro, y defendi\u00f3 el r\u00e9gimen que lleva adelante este \u00faltimo<\/strong>\u00a0al asegurar que\u00a0<strong>\u201cel autoritarismo es una narrativa\u201d.<\/strong><\/p>\n\n\n\n<p><strong>Esta frase de Lula se dio como respuesta a las acusaciones de dictadura en Venezuela<\/strong>, donde Maduro ejerce como presidente desde 2013, y en el marco de la reuni\u00f3n que mantuvieron en Brasilia, en la que&nbsp;<strong>anunciaron el inicio de una \u201cnueva \u00e9poca\u201d entre ambos pa\u00edses y a nivel regional.<\/strong><\/p>\n\n\n\n<p><strong>\u201cVenezuela siempre ha sido un pa\u00eds excepcional para Brasil.<\/strong>&nbsp;Pero debido a las contingencias pol\u00edticas y a los equ\u00edvocos, el presidente Maduro pas\u00f3 ocho a\u00f1os sin venir a Brasil\u201d,&nbsp;<strong>explic\u00f3 Lula<\/strong>&nbsp;durante una conferencia de prensa tras la reuni\u00f3n que tuvo lugar en el Palacio de Planalto.<\/p>\n\n\n\n<p>Y agreg\u00f3:&nbsp;<strong>\u201cEs el inicio del regreso de Maduro al plano regional y el encuentro con los dem\u00e1s l\u00edderes ser\u00e1 la vuelta de la integraci\u00f3n de Am\u00e9rica del Sur\u201d.<\/strong><\/p>\n\n\n\n<p><strong>Adem\u00e1s, lanz\u00f3 dur\u00edsimas cr\u00edticas contra Juan Guaid\u00f3<\/strong>, ex presidente interino de Venezuela,&nbsp;<strong>a quien trat\u00f3 de \u201cimpostor\u201d que \u201cfue presidente porque no le gustaba el presidente que fue elegido\u201d.<\/strong><\/p>\n\n\n\n<p><strong>Maduro es considerado tanto por la Uni\u00f3n Europea como por Estados Unidos como un l\u00edder autoritario que no permiti\u00f3 elecciones libres.<\/strong>&nbsp;Adem\u00e1s, el r\u00e9gimen venezolano acusaciones de&nbsp;<strong>violaciones sistem\u00e1ticas a los derechos humanos<\/strong>&nbsp;y de sostener un&nbsp;<strong>aparato represivo<\/strong>&nbsp;para silenciar a los opositores.<\/p>\n\n\n\n<p><strong>La \u00faltima visita de Nicol\u00e1s Maduro a Brasil hab\u00eda sido en 2015<\/strong>, cuando asisti\u00f3 a la&nbsp;<strong>toma de poder de Dilma Rousseff<\/strong>&nbsp;para su segundo mandato.<\/p>\n\n\n\n<p><strong>Lula, por su parte, comenz\u00f3 en enero su tercer mandato en Brasil<\/strong>&nbsp;luego de los que llev\u00f3 adelante entre 2003 y 2010.<\/p>\n","protected":false},"excerpt":{"rendered":"<p>Se trata de la primera visita del mandatario venezolano a Brasil desde 2015, cuando asisti\u00f3 a toma de mandato de Dilma Rousseff para su segundo mandato. El presidente de Brasil,\u00a0Luis&hellip; <\/p>\n","protected":false},"author":4,"featured_media":64149,"comment_status":"closed","ping_status":"open","sticky":false,"template":"","format":"standard","meta":{"footnotes":""},"categories":[11],"tags":[],"class_list":["post-64136","post","type-post","status-publish","format-standard","has-post-thumbnail","hentry","category-internacionales"],"_links":{"self":[{"href":"https:\/\/corrientesdetarde.com\/index.php\/wp-json\/wp\/v2\/posts\/64136","targetHints":{"allow":["GET"]}}],"collection":[{"href":"https:\/\/corrientesdetarde.com\/index.php\/wp-json\/wp\/v2\/posts"}],"about":[{"href":"https:\/\/corrientesdetarde.com\/index.php\/wp-json\/wp\/v2\/types\/post"}],"author":[{"embeddable":true,"href":"https:\/\/corrientesdetarde.com\/index.php\/wp-json\/wp\/v2\/users\/4"}],"replies":[{"embeddable":true,"href":"https:\/\/corrientesdetarde.com\/index.php\/wp-json\/wp\/v2\/comments?post=64136"}],"version-history":[{"count":1,"href":"https:\/\/corrientesdetarde.com\/index.php\/wp-json\/wp\/v2\/posts\/64136\/revisions"}],"predecessor-version":[{"id":64150,"href":"https:\/\/corrientesdetarde.com\/index.php\/wp-json\/wp\/v2\/posts\/64136\/revisions\/64150"}],"wp:featuredmedia":[{"embeddable":true,"href":"https:\/\/corrientesdetarde.com\/index.php\/wp-json\/wp\/v2\/media\/64149"}],"wp:attachment":[{"href":"https:\/\/corrientesdetarde.com\/index.php\/wp-json\/wp\/v2\/media?parent=64136"}],"wp:term":[{"taxonomy":"category","embeddable":true,"href":"https:\/\/corrientesdetarde.com\/index.php\/wp-json\/wp\/v2\/categories?post=64136"},{"taxonomy":"post_tag","embeddable":true,"href":"https:\/\/corrientesdetarde.com\/index.php\/wp-json\/wp\/v2\/tags?post=64136"}],"curies":[{"name":"wp","href":"https:\/\/api.w.org\/{rel}","templated":true}]}}