{"id":64137,"date":"2023-05-31T08:42:33","date_gmt":"2023-05-31T11:42:33","guid":{"rendered":"https:\/\/corrientesdetarde.com\/?p=64137"},"modified":"2023-05-31T08:42:36","modified_gmt":"2023-05-31T11:42:36","slug":"trato-de-huir-a-bordo-de-una-moto-robada-se-activo-la-alarma-y-quedo-detenido","status":"publish","type":"post","link":"https:\/\/corrientesdetarde.com\/index.php\/policiales\/trato-de-huir-a-bordo-de-una-moto-robada-se-activo-la-alarma-y-quedo-detenido\/","title":{"rendered":"Trat\u00f3 de huir a bordo de una moto robada, se activ\u00f3 la alarma y qued\u00f3 detenido"},"content":{"rendered":"\n<p>Ocurri\u00f3 en inmediaciones a las calles Playa Miramar entre Colombia y Gobernador Virasoro.<\/p>\n\n\n\n<p>Durante la tarde del lunes, en inmediaciones de las calles Playa Miramar, entre Colombia y Gobernador Virasoro, polic\u00edas del Comando de Patrullas observaron a una persona que se encontraba con una motocicleta marca Gilera (modelo Smash) de 110 c.c., sobre la vereda con la alarma de seguridad sonando y la pechera de la misma sobre el suelo.<\/p>\n\n\n\n<p>Al acercarse al mismo para identificarlo, trat\u00e1ndose de un joven de 24 a\u00f1os de edad, los efectivos confirmaron que no contaba con ninguna documentaci\u00f3n para poder acreditar su identidad y la propiedad o procedencia del rodado, por lo cual fue demorado y el rodado secuestrado.&nbsp;<\/p>\n\n\n\n<p>Las posteriores averiguaciones confirmaron que la motocicleta, hab\u00eda sido robada momentos antes de un inmueble, ubicado por calle Gobernador Mart\u00ednez al 2500, aproximadamente.<\/p>\n\n\n\n<p>El demorado y la motocicleta fueron trasladados a la Comisaria 5\u00b0.<\/p>\n","protected":false},"excerpt":{"rendered":"<p>Ocurri\u00f3 en inmediaciones a las calles Playa Miramar entre Colombia y Gobernador Virasoro. Durante la tarde del lunes, en inmediaciones de las calles Playa Miramar, entre Colombia y Gobernador Virasoro,&hellip; <\/p>\n","protected":false},"author":4,"featured_media":64147,"comment_status":"closed","ping_status":"open","sticky":false,"template":"","format":"standard","meta":{"footnotes":""},"categories":[33],"tags":[],"class_list":["post-64137","post","type-post","status-publish","format-standard","has-post-thumbnail","hentry","category-policiales"],"_links":{"self":[{"href":"https:\/\/corrientesdetarde.com\/index.php\/wp-json\/wp\/v2\/posts\/64137","targetHints":{"allow":["GET"]}}],"collection":[{"href":"https:\/\/corrientesdetarde.com\/index.php\/wp-json\/wp\/v2\/posts"}],"about":[{"href":"https:\/\/corrientesdetarde.com\/index.php\/wp-json\/wp\/v2\/types\/post"}],"author":[{"embeddable":true,"href":"https:\/\/corrientesdetarde.com\/index.php\/wp-json\/wp\/v2\/users\/4"}],"replies":[{"embeddable":true,"href":"https:\/\/corrientesdetarde.com\/index.php\/wp-json\/wp\/v2\/comments?post=64137"}],"version-history":[{"count":1,"href":"https:\/\/corrientesdetarde.com\/index.php\/wp-json\/wp\/v2\/posts\/64137\/revisions"}],"predecessor-version":[{"id":64148,"href":"https:\/\/corrientesdetarde.com\/index.php\/wp-json\/wp\/v2\/posts\/64137\/revisions\/64148"}],"wp:featuredmedia":[{"embeddable":true,"href":"https:\/\/corrientesdetarde.com\/index.php\/wp-json\/wp\/v2\/media\/64147"}],"wp:attachment":[{"href":"https:\/\/corrientesdetarde.com\/index.php\/wp-json\/wp\/v2\/media?parent=64137"}],"wp:term":[{"taxonomy":"category","embeddable":true,"href":"https:\/\/corrientesdetarde.com\/index.php\/wp-json\/wp\/v2\/categories?post=64137"},{"taxonomy":"post_tag","embeddable":true,"href":"https:\/\/corrientesdetarde.com\/index.php\/wp-json\/wp\/v2\/tags?post=64137"}],"curies":[{"name":"wp","href":"https:\/\/api.w.org\/{rel}","templated":true}]}}