{"id":64143,"date":"2023-05-31T08:34:03","date_gmt":"2023-05-31T11:34:03","guid":{"rendered":"https:\/\/corrientesdetarde.com\/?p=64143"},"modified":"2023-05-31T08:46:03","modified_gmt":"2023-05-31T11:46:03","slug":"un-menor-de-16-anos-apunalo-en-el-pecho-a-su-hermano","status":"publish","type":"post","link":"https:\/\/corrientesdetarde.com\/index.php\/policiales\/un-menor-de-16-anos-apunalo-en-el-pecho-a-su-hermano\/","title":{"rendered":"Un menor de 16 a\u00f1os apu\u00f1al\u00f3 en el pecho a su hermano"},"content":{"rendered":"\n<p>El agredido tiene 22 a\u00f1os y est\u00e1 internado.<\/p>\n\n\n\n<p>En las \u00faltimas horas, una pelea entre dos hermanos termin\u00f3 con uno de ellos internado y el otro detenido.<\/p>\n\n\n\n<p>El violento episodio del que fueron protagonistas un chico de 16 a\u00f1os y su hermano de 22, se produjo en la localidad de S\u00e1enz Pe\u00f1a, donde el menor apu\u00f1al\u00f3 al mayor con un cuchillo.<\/p>\n\n\n\n<p>Cuando los efectivos de la Comisar\u00eda Tercera se hicieron presentes, el agresor a\u00fan ten\u00eda el arma en las manos, indic\u00f3 el medio.<\/p>\n\n\n\n<p>El joven de 22 a\u00f1os fue trasladado hasta el Hospital 4 de Junio a causa de la lesi\u00f3n sufrida en su pecho mientras que el chico de 16 a\u00f1os fue detenido.&nbsp;<\/p>\n","protected":false},"excerpt":{"rendered":"<p>El agredido tiene 22 a\u00f1os y est\u00e1 internado. En las \u00faltimas horas, una pelea entre dos hermanos termin\u00f3 con uno de ellos internado y el otro detenido. El violento episodio&hellip; <\/p>\n","protected":false},"author":4,"featured_media":64144,"comment_status":"closed","ping_status":"open","sticky":false,"template":"","format":"standard","meta":{"footnotes":""},"categories":[33],"tags":[],"class_list":["post-64143","post","type-post","status-publish","format-standard","has-post-thumbnail","hentry","category-policiales"],"_links":{"self":[{"href":"https:\/\/corrientesdetarde.com\/index.php\/wp-json\/wp\/v2\/posts\/64143","targetHints":{"allow":["GET"]}}],"collection":[{"href":"https:\/\/corrientesdetarde.com\/index.php\/wp-json\/wp\/v2\/posts"}],"about":[{"href":"https:\/\/corrientesdetarde.com\/index.php\/wp-json\/wp\/v2\/types\/post"}],"author":[{"embeddable":true,"href":"https:\/\/corrientesdetarde.com\/index.php\/wp-json\/wp\/v2\/users\/4"}],"replies":[{"embeddable":true,"href":"https:\/\/corrientesdetarde.com\/index.php\/wp-json\/wp\/v2\/comments?post=64143"}],"version-history":[{"count":2,"href":"https:\/\/corrientesdetarde.com\/index.php\/wp-json\/wp\/v2\/posts\/64143\/revisions"}],"predecessor-version":[{"id":64146,"href":"https:\/\/corrientesdetarde.com\/index.php\/wp-json\/wp\/v2\/posts\/64143\/revisions\/64146"}],"wp:featuredmedia":[{"embeddable":true,"href":"https:\/\/corrientesdetarde.com\/index.php\/wp-json\/wp\/v2\/media\/64144"}],"wp:attachment":[{"href":"https:\/\/corrientesdetarde.com\/index.php\/wp-json\/wp\/v2\/media?parent=64143"}],"wp:term":[{"taxonomy":"category","embeddable":true,"href":"https:\/\/corrientesdetarde.com\/index.php\/wp-json\/wp\/v2\/categories?post=64143"},{"taxonomy":"post_tag","embeddable":true,"href":"https:\/\/corrientesdetarde.com\/index.php\/wp-json\/wp\/v2\/tags?post=64143"}],"curies":[{"name":"wp","href":"https:\/\/api.w.org\/{rel}","templated":true}]}}