{"id":64172,"date":"2023-05-31T10:17:45","date_gmt":"2023-05-31T13:17:45","guid":{"rendered":"https:\/\/corrientesdetarde.com\/?p=64172"},"modified":"2023-05-31T10:17:47","modified_gmt":"2023-05-31T13:17:47","slug":"la-familia-de-matias-chirino-denuncia-que-la-causa-esta-parada","status":"publish","type":"post","link":"https:\/\/corrientesdetarde.com\/index.php\/crimen-y-justicia\/la-familia-de-matias-chirino-denuncia-que-la-causa-esta-parada\/","title":{"rendered":"La familia de Mat\u00edas Chirino denuncia que la causa est\u00e1 parada"},"content":{"rendered":"\n<p>A pocos d\u00edas de cumplirse un a\u00f1o de la muerte del subteniente Mat\u00edas Chirino (22), ocurrida tras un ritual de iniciaci\u00f3n en un batall\u00f3n del Ej\u00e9rcito Argentino en Paso de los Libres -Corrientes-, la familia de la v\u00edctima critic\u00f3 las &#8220;irrazonables demoras&#8221; en los tiempos de la causa, y teme que reci\u00e9n el a\u00f1o que viene se defina la acusaci\u00f3n que llegar\u00eda a juicio.<\/p>\n\n\n\n<p>&nbsp;En las \u00faltimas horas, la Justicia federal de la provincia dispuso para el 6 de septiembre la audiencia para que las partes fundamenten las impugnaciones a la calificaci\u00f3n de &#8220;homicidio culposo&#8221;, fijada en el procesamiento de los imputados.<\/p>\n\n\n\n<p>&#8220;Si se tiene en cuenta que la investigaci\u00f3n fue realizada en seis meses, y que en diciembre del 2022 el juez federal (Gustavo) Fresneda se encontraba en condiciones de \u2018calificar\u2019 el atroz delito cometido y elevar el expediente para el juicio, entre las demoras del juez y la lejana fijaci\u00f3n de la audiencia antes mencionada (a lo que se le sumar\u00e1 el tiempo que demorar\u00e1 la C\u00e1mara Federal de Corrientes en expresarse), seguro que el Juicio se demorar\u00e1 un a\u00f1o tan solo para precisar la calificaci\u00f3n de las s\u00e1dicas conductas que terminaron con la vida de Mat\u00edas&#8221;, cuestion\u00f3 Ezequiel Chirino, padre del subteniente muerto.<\/p>\n\n\n\n<p>&nbsp;A trav\u00e9s de un comunicado, el hombre profundiz\u00f3: &#8220;Observamos con mucho dolor e impotencia de qu\u00e9 manera el Poder Judicial se encierra cada vez m\u00e1s en una burbuja de poder, vac\u00edo e inhumano, alejada de las necesidades de Justicia de un pueblo sufrido&#8221;.<\/p>\n\n\n\n<p>Y concluy\u00f3: &#8220;Quiera Dios que a estos jueces no les pase lo que a m\u00ed me pas\u00f3, aunque creo que solo as\u00ed podr\u00edan entenderme, lamentablemente&#8221;.<\/p>\n\n\n\n<p><strong>&#8220;La familia tiene miedo de que el caso quede en la nada&#8221;<\/strong><\/p>\n\n\n\n<p>A mediados de marzo, el juez Fresneda proces\u00f3 a los nueve involucrados en la muerte de Chirino por homicidio culposo, lo cual implic\u00f3 una reducci\u00f3n de la figura penal -homicidio simple- que ven\u00eda siendo investigada por la Fiscal\u00eda Federal de Paso de los Libres.<\/p>\n\n\n\n<p>Todas las partes apelaron. La querella reclam\u00f3 que los acusados vayan a juicio como responsables de un homicidio agravado y las defensas pidieron la absoluci\u00f3n. La fiscal\u00eda, por su lado, se pronunci\u00f3 en favor de la calificaci\u00f3n de homicidio simple.<\/p>\n\n\n\n<p>&#8220;Hicimos la presentaci\u00f3n pocas horas despu\u00e9s. Ah\u00ed mismo deber\u00edan haber elevado el expediente y no lo hicieron. Se pasaron 40 d\u00edas poniendo excusas. Nos vimos obligados a presentar un pronto despacho y una queja por retardo de Justicia&#8221;, detall\u00f3 a TN Enrique Novo, uno de los abogados de la querella.<\/p>\n\n\n\n<p>Y profundiz\u00f3: &#8220;La familia sabe que el caso puede quedar en la nada, y tiene miedo. Evidentemente, se est\u00e1 buscando que (la muerte del subteniente) se disipe con el tiempo. Que el viento del calendario se lleve la necesidad de respuesta&#8221;.<\/p>\n\n\n\n<p>Para el juez Fresneda, no hubo intenci\u00f3n de matar por parte de los acusados, por lo cual los hechos ocurridos en el Casino de Oficiales del Grupo de Artiller\u00eda Monte 3 se enmarcan en un homicidio culposo, que contempla una pena de entre cinco y 10 a\u00f1os de prisi\u00f3n.<\/p>\n\n\n\n<p>&#8220;Actuaron con imprudencia, negligencia, con descuido, desatenci\u00f3n y falta de preocupaci\u00f3n con respecto a los subtenientes&#8221;, indic\u00f3 Fresneda, quien incluy\u00f3 en su resoluci\u00f3n a Jorge Chaile y Rufino Meza, otros dos j\u00f3venes que -al igual que Mat\u00edas- iban a sumarse a las actividades en el batall\u00f3n, y padecieron conductas abusivas de parte de los oficiales involucrados.<\/p>\n","protected":false},"excerpt":{"rendered":"<p>A pocos d\u00edas de cumplirse un a\u00f1o de la muerte del subteniente Mat\u00edas Chirino (22), ocurrida tras un ritual de iniciaci\u00f3n en un batall\u00f3n del Ej\u00e9rcito Argentino en Paso de&hellip; <\/p>\n","protected":false},"author":1,"featured_media":64178,"comment_status":"closed","ping_status":"open","sticky":false,"template":"","format":"standard","meta":{"footnotes":""},"categories":[5],"tags":[],"class_list":["post-64172","post","type-post","status-publish","format-standard","has-post-thumbnail","hentry","category-crimen-y-justicia"],"_links":{"self":[{"href":"https:\/\/corrientesdetarde.com\/index.php\/wp-json\/wp\/v2\/posts\/64172","targetHints":{"allow":["GET"]}}],"collection":[{"href":"https:\/\/corrientesdetarde.com\/index.php\/wp-json\/wp\/v2\/posts"}],"about":[{"href":"https:\/\/corrientesdetarde.com\/index.php\/wp-json\/wp\/v2\/types\/post"}],"author":[{"embeddable":true,"href":"https:\/\/corrientesdetarde.com\/index.php\/wp-json\/wp\/v2\/users\/1"}],"replies":[{"embeddable":true,"href":"https:\/\/corrientesdetarde.com\/index.php\/wp-json\/wp\/v2\/comments?post=64172"}],"version-history":[{"count":1,"href":"https:\/\/corrientesdetarde.com\/index.php\/wp-json\/wp\/v2\/posts\/64172\/revisions"}],"predecessor-version":[{"id":64179,"href":"https:\/\/corrientesdetarde.com\/index.php\/wp-json\/wp\/v2\/posts\/64172\/revisions\/64179"}],"wp:featuredmedia":[{"embeddable":true,"href":"https:\/\/corrientesdetarde.com\/index.php\/wp-json\/wp\/v2\/media\/64178"}],"wp:attachment":[{"href":"https:\/\/corrientesdetarde.com\/index.php\/wp-json\/wp\/v2\/media?parent=64172"}],"wp:term":[{"taxonomy":"category","embeddable":true,"href":"https:\/\/corrientesdetarde.com\/index.php\/wp-json\/wp\/v2\/categories?post=64172"},{"taxonomy":"post_tag","embeddable":true,"href":"https:\/\/corrientesdetarde.com\/index.php\/wp-json\/wp\/v2\/tags?post=64172"}],"curies":[{"name":"wp","href":"https:\/\/api.w.org\/{rel}","templated":true}]}}