{"id":64757,"date":"2023-06-02T15:31:15","date_gmt":"2023-06-02T18:31:15","guid":{"rendered":"https:\/\/corrientesdetarde.com\/?p=64757"},"modified":"2023-06-02T15:31:24","modified_gmt":"2023-06-02T18:31:24","slug":"valdes-concretara-este-sabado-una-intensa-agenda-de-actividades-en-bella-vista","status":"publish","type":"post","link":"https:\/\/corrientesdetarde.com\/index.php\/locales\/valdes-concretara-este-sabado-una-intensa-agenda-de-actividades-en-bella-vista\/","title":{"rendered":"Vald\u00e9s concretar\u00e1 este s\u00e1bado una intensa agenda de actividades en Bella Vista"},"content":{"rendered":"\n<p>El gobernador Gustavo Vald\u00e9s llegar\u00e1 este s\u00e1bado a Bella Vista, ciudad que estar\u00e1 celebrando el 198 aniversario de su fundaci\u00f3n. En ese marco, encabezar\u00e1 una intensa agenda de actividades en el lugar.<\/p>\n\n\n\n<p>Luego del arribo a la localidad, a las 10 horas est\u00e1 previsto el izamiento del pabell\u00f3n nacional y dep\u00f3sito de ofrenda floral, en la plaza \u201cPedro Ferr\u00e9\u201d. Luego, a las 10.15 iniciar\u00e1 el acto central en conmemoraci\u00f3n de un aniversario m\u00e1s de Bella Vista, en el Complejo Polideportivo.<\/p>\n\n\n\n<p>Por la tarde, seg\u00fan lo programado, se inaugurar\u00e1 a las 17 horas la segunda planta fotovoltaica en la Ruta Provincial (RP) N\u00b027; mientras que a las 18 el Gobernador habilitar\u00e1 la central solar en \u201cTextil Alpargatas\u201d, el cual tambi\u00e9n se realizar\u00e1 sobre la RP N\u00b027, a la altura del km 50. Y, por \u00faltimo, a las 19 horas se desarrollar\u00e1 el acto de inauguraci\u00f3n de la iluminaci\u00f3n de la cancha central del Polideportivo Municipal.&nbsp;<\/p>\n","protected":false},"excerpt":{"rendered":"<p>El gobernador Gustavo Vald\u00e9s llegar\u00e1 este s\u00e1bado a Bella Vista, ciudad que estar\u00e1 celebrando el 198 aniversario de su fundaci\u00f3n. En ese marco, encabezar\u00e1 una intensa agenda de actividades en&hellip; <\/p>\n","protected":false},"author":8,"featured_media":64758,"comment_status":"closed","ping_status":"open","sticky":false,"template":"","format":"standard","meta":{"footnotes":""},"categories":[8],"tags":[],"class_list":["post-64757","post","type-post","status-publish","format-standard","has-post-thumbnail","hentry","category-locales"],"_links":{"self":[{"href":"https:\/\/corrientesdetarde.com\/index.php\/wp-json\/wp\/v2\/posts\/64757","targetHints":{"allow":["GET"]}}],"collection":[{"href":"https:\/\/corrientesdetarde.com\/index.php\/wp-json\/wp\/v2\/posts"}],"about":[{"href":"https:\/\/corrientesdetarde.com\/index.php\/wp-json\/wp\/v2\/types\/post"}],"author":[{"embeddable":true,"href":"https:\/\/corrientesdetarde.com\/index.php\/wp-json\/wp\/v2\/users\/8"}],"replies":[{"embeddable":true,"href":"https:\/\/corrientesdetarde.com\/index.php\/wp-json\/wp\/v2\/comments?post=64757"}],"version-history":[{"count":1,"href":"https:\/\/corrientesdetarde.com\/index.php\/wp-json\/wp\/v2\/posts\/64757\/revisions"}],"predecessor-version":[{"id":64759,"href":"https:\/\/corrientesdetarde.com\/index.php\/wp-json\/wp\/v2\/posts\/64757\/revisions\/64759"}],"wp:featuredmedia":[{"embeddable":true,"href":"https:\/\/corrientesdetarde.com\/index.php\/wp-json\/wp\/v2\/media\/64758"}],"wp:attachment":[{"href":"https:\/\/corrientesdetarde.com\/index.php\/wp-json\/wp\/v2\/media?parent=64757"}],"wp:term":[{"taxonomy":"category","embeddable":true,"href":"https:\/\/corrientesdetarde.com\/index.php\/wp-json\/wp\/v2\/categories?post=64757"},{"taxonomy":"post_tag","embeddable":true,"href":"https:\/\/corrientesdetarde.com\/index.php\/wp-json\/wp\/v2\/tags?post=64757"}],"curies":[{"name":"wp","href":"https:\/\/api.w.org\/{rel}","templated":true}]}}