{"id":64760,"date":"2023-06-02T15:37:22","date_gmt":"2023-06-02T18:37:22","guid":{"rendered":"https:\/\/corrientesdetarde.com\/?p=64760"},"modified":"2023-06-02T15:37:26","modified_gmt":"2023-06-02T18:37:26","slug":"la-policia-implementara-un-servicio-especial-de-seguridad-en-el-encuentro-entre-mandiyu-de-corrientes-y-san-lorenzo-de-monte-caseros","status":"publish","type":"post","link":"https:\/\/corrientesdetarde.com\/index.php\/policiales\/la-policia-implementara-un-servicio-especial-de-seguridad-en-el-encuentro-entre-mandiyu-de-corrientes-y-san-lorenzo-de-monte-caseros\/","title":{"rendered":"La Polic\u00eda implementar\u00e1 un servicio especial de Seguridad en el encuentro entre Mandiy\u00fa de Corrientes y San Lorenzo de Monte Caseros"},"content":{"rendered":"\n<p>Con motivo del encuentro deportivo \u2013final de f\u00fatbol- a disputarse en la Cancha del Club Boca<br>Unidos, el pr\u00f3ximo domingo 04-06-23, a partir de las 15.00horas, entre los equipos de f\u00fatbol de<br>Mandiy\u00fa de Corrientes -Capital y San Lorenzo de Monte Caseros-Ctes., por el partido de vuelta de la<br>Final Provincial de F\u00fatbol, y que contar\u00e1 con una importante concurrencia de p\u00fablico, la Polic\u00eda de<br>Corrientes a trav\u00e9s de sus distintas dependencias ha diagramado un importante Dispositivo de<br>Seguridad, para antes, durante y despu\u00e9s del encuentro, contando con la afectaci\u00f3n de m\u00e1s de 130<br>efectivos de distintas \u00e1reas.<br>De dicho operativo participaran, m\u00f3viles y patrulleros de las distintas dependencias policiales,<br>montados y otros m\u00f3viles, y personal de los grupos especiales, con la finalidad de brindar seguridad<br>para el desarrollo del espect\u00e1culo, la cual se pueda realizar dentro del marco de la normalidad y<br>tranquilidad.<br>Cabe se\u00f1alar, que \u00fanicamente podr\u00e1n ingresar a la zona del dispositivo y al estadio, aquellas<br>personas que hayan adquirido las entradas con anterioridad.<br>Al respecto se solicita a la poblaci\u00f3n en general y especialmente a los espectadores e hinchas que<br>asistan, la m\u00e1xima colaboraci\u00f3n para con los uniformados y organizadores del evento.<br>INFORMACION DE INTERES PARA INGRESOS:<br>1) RUTA 12 Y COLECTORA<br>HINCHAS VISITANTES<br>2) CALLE VERONA Y TRENTO<br>LOS HINCHAS LOCALES<\/p>\n","protected":false},"excerpt":{"rendered":"<p>Con motivo del encuentro deportivo \u2013final de f\u00fatbol- a disputarse en la Cancha del Club BocaUnidos, el pr\u00f3ximo domingo 04-06-23, a partir de las 15.00horas, entre los equipos de f\u00fatbol&hellip; <\/p>\n","protected":false},"author":8,"featured_media":64761,"comment_status":"closed","ping_status":"open","sticky":false,"template":"","format":"standard","meta":{"footnotes":""},"categories":[33],"tags":[],"class_list":["post-64760","post","type-post","status-publish","format-standard","has-post-thumbnail","hentry","category-policiales"],"_links":{"self":[{"href":"https:\/\/corrientesdetarde.com\/index.php\/wp-json\/wp\/v2\/posts\/64760","targetHints":{"allow":["GET"]}}],"collection":[{"href":"https:\/\/corrientesdetarde.com\/index.php\/wp-json\/wp\/v2\/posts"}],"about":[{"href":"https:\/\/corrientesdetarde.com\/index.php\/wp-json\/wp\/v2\/types\/post"}],"author":[{"embeddable":true,"href":"https:\/\/corrientesdetarde.com\/index.php\/wp-json\/wp\/v2\/users\/8"}],"replies":[{"embeddable":true,"href":"https:\/\/corrientesdetarde.com\/index.php\/wp-json\/wp\/v2\/comments?post=64760"}],"version-history":[{"count":1,"href":"https:\/\/corrientesdetarde.com\/index.php\/wp-json\/wp\/v2\/posts\/64760\/revisions"}],"predecessor-version":[{"id":64762,"href":"https:\/\/corrientesdetarde.com\/index.php\/wp-json\/wp\/v2\/posts\/64760\/revisions\/64762"}],"wp:featuredmedia":[{"embeddable":true,"href":"https:\/\/corrientesdetarde.com\/index.php\/wp-json\/wp\/v2\/media\/64761"}],"wp:attachment":[{"href":"https:\/\/corrientesdetarde.com\/index.php\/wp-json\/wp\/v2\/media?parent=64760"}],"wp:term":[{"taxonomy":"category","embeddable":true,"href":"https:\/\/corrientesdetarde.com\/index.php\/wp-json\/wp\/v2\/categories?post=64760"},{"taxonomy":"post_tag","embeddable":true,"href":"https:\/\/corrientesdetarde.com\/index.php\/wp-json\/wp\/v2\/tags?post=64760"}],"curies":[{"name":"wp","href":"https:\/\/api.w.org\/{rel}","templated":true}]}}