{"id":64768,"date":"2023-06-02T15:56:31","date_gmt":"2023-06-02T18:56:31","guid":{"rendered":"https:\/\/corrientesdetarde.com\/?p=64768"},"modified":"2023-06-02T15:56:38","modified_gmt":"2023-06-02T18:56:38","slug":"el-gobierno-provincial-llevo-adelante-equipamiento-de-viviendas-en-el-barrio-dr-montana","status":"publish","type":"post","link":"https:\/\/corrientesdetarde.com\/index.php\/sociales\/el-gobierno-provincial-llevo-adelante-equipamiento-de-viviendas-en-el-barrio-dr-montana\/","title":{"rendered":"El Gobierno provincial llev\u00f3 adelante equipamiento de viviendas en el barrio Dr. Monta\u00f1a"},"content":{"rendered":"\n<p>En el marco del Programa Provincial O\u00f1ondiv\u00e9, el Ministerio de Desarrollo Social llev\u00f3 adelante este mi\u00e9rcoles, equipamiento de viviendas en el barrio Dr. Monta\u00f1a de la ciudad de Corrientes. De esta manera, el equipo de la Direcci\u00f3n de Organizaci\u00f3n y Comunicaci\u00f3n Comunitaria, a cargo de Maria Eva Guerra, coordin\u00f3 dicha acci\u00f3n, equipando las casas con muebles y electrodom\u00e9sticos de producci\u00f3n correntina, &#8220;apostando por el trabajo local&#8221;, se\u00f1alaron.<\/p>\n\n\n\n<p>Adem\u00e1s, intervinieron la Direcci\u00f3n de&nbsp;Abordaje Integral de Consumos Problem\u00e1ticos (AICOP) y el Consejo Provincial de Discapacidad (COPRODIS), quienes brindaron asesoramiento sobre el acceso a derechos para personas con discapacidad.<\/p>\n\n\n\n<figure class=\"wp-block-image size-large\"><img loading=\"lazy\" decoding=\"async\" width=\"1024\" height=\"654\" src=\"https:\/\/corrientesdetarde.com\/wp-content\/uploads\/2023\/06\/image-64-1024x654.png\" alt=\"\" class=\"wp-image-64770\" srcset=\"https:\/\/corrientesdetarde.com\/wp-content\/uploads\/2023\/06\/image-64-1024x654.png 1024w, https:\/\/corrientesdetarde.com\/wp-content\/uploads\/2023\/06\/image-64-300x191.png 300w, https:\/\/corrientesdetarde.com\/wp-content\/uploads\/2023\/06\/image-64-768x490.png 768w, https:\/\/corrientesdetarde.com\/wp-content\/uploads\/2023\/06\/image-64.png 1280w\" sizes=\"auto, (max-width: 1024px) 100vw, 1024px\" \/><\/figure>\n\n\n\n<figure class=\"wp-block-image size-large\"><img loading=\"lazy\" decoding=\"async\" width=\"1024\" height=\"744\" src=\"https:\/\/corrientesdetarde.com\/wp-content\/uploads\/2023\/06\/image-65-1024x744.png\" alt=\"\" class=\"wp-image-64771\" srcset=\"https:\/\/corrientesdetarde.com\/wp-content\/uploads\/2023\/06\/image-65-1024x744.png 1024w, https:\/\/corrientesdetarde.com\/wp-content\/uploads\/2023\/06\/image-65-300x218.png 300w, https:\/\/corrientesdetarde.com\/wp-content\/uploads\/2023\/06\/image-65-768x558.png 768w, https:\/\/corrientesdetarde.com\/wp-content\/uploads\/2023\/06\/image-65.png 1280w\" sizes=\"auto, (max-width: 1024px) 100vw, 1024px\" \/><\/figure>\n\n\n\n<figure class=\"wp-block-image size-large\"><img loading=\"lazy\" decoding=\"async\" width=\"1024\" height=\"682\" src=\"https:\/\/corrientesdetarde.com\/wp-content\/uploads\/2023\/06\/image-66-1024x682.png\" alt=\"\" class=\"wp-image-64772\" srcset=\"https:\/\/corrientesdetarde.com\/wp-content\/uploads\/2023\/06\/image-66-1024x682.png 1024w, https:\/\/corrientesdetarde.com\/wp-content\/uploads\/2023\/06\/image-66-300x200.png 300w, https:\/\/corrientesdetarde.com\/wp-content\/uploads\/2023\/06\/image-66-768x512.png 768w, https:\/\/corrientesdetarde.com\/wp-content\/uploads\/2023\/06\/image-66-1536x1023.png 1536w, https:\/\/corrientesdetarde.com\/wp-content\/uploads\/2023\/06\/image-66-272x182.png 272w, https:\/\/corrientesdetarde.com\/wp-content\/uploads\/2023\/06\/image-66.png 1600w\" sizes=\"auto, (max-width: 1024px) 100vw, 1024px\" \/><\/figure>\n\n\n\n<figure class=\"wp-block-image size-large\"><img loading=\"lazy\" decoding=\"async\" width=\"1024\" height=\"616\" src=\"https:\/\/corrientesdetarde.com\/wp-content\/uploads\/2023\/06\/image-67-1024x616.png\" alt=\"\" class=\"wp-image-64773\" srcset=\"https:\/\/corrientesdetarde.com\/wp-content\/uploads\/2023\/06\/image-67-1024x616.png 1024w, https:\/\/corrientesdetarde.com\/wp-content\/uploads\/2023\/06\/image-67-300x180.png 300w, https:\/\/corrientesdetarde.com\/wp-content\/uploads\/2023\/06\/image-67-768x462.png 768w, https:\/\/corrientesdetarde.com\/wp-content\/uploads\/2023\/06\/image-67.png 1280w\" sizes=\"auto, (max-width: 1024px) 100vw, 1024px\" \/><\/figure>\n\n\n\n<figure class=\"wp-block-image size-large\"><img loading=\"lazy\" decoding=\"async\" width=\"1024\" height=\"648\" src=\"https:\/\/corrientesdetarde.com\/wp-content\/uploads\/2023\/06\/image-68-1024x648.png\" alt=\"\" class=\"wp-image-64774\" srcset=\"https:\/\/corrientesdetarde.com\/wp-content\/uploads\/2023\/06\/image-68-1024x648.png 1024w, https:\/\/corrientesdetarde.com\/wp-content\/uploads\/2023\/06\/image-68-300x190.png 300w, https:\/\/corrientesdetarde.com\/wp-content\/uploads\/2023\/06\/image-68-768x486.png 768w, https:\/\/corrientesdetarde.com\/wp-content\/uploads\/2023\/06\/image-68.png 1280w\" sizes=\"auto, (max-width: 1024px) 100vw, 1024px\" \/><\/figure>\n","protected":false},"excerpt":{"rendered":"<p>En el marco del Programa Provincial O\u00f1ondiv\u00e9, el Ministerio de Desarrollo Social llev\u00f3 adelante este mi\u00e9rcoles, equipamiento de viviendas en el barrio Dr. Monta\u00f1a de la ciudad de Corrientes. De&hellip; <\/p>\n","protected":false},"author":8,"featured_media":64769,"comment_status":"closed","ping_status":"open","sticky":false,"template":"","format":"standard","meta":{"footnotes":""},"categories":[17],"tags":[],"class_list":["post-64768","post","type-post","status-publish","format-standard","has-post-thumbnail","hentry","category-sociales"],"_links":{"self":[{"href":"https:\/\/corrientesdetarde.com\/index.php\/wp-json\/wp\/v2\/posts\/64768","targetHints":{"allow":["GET"]}}],"collection":[{"href":"https:\/\/corrientesdetarde.com\/index.php\/wp-json\/wp\/v2\/posts"}],"about":[{"href":"https:\/\/corrientesdetarde.com\/index.php\/wp-json\/wp\/v2\/types\/post"}],"author":[{"embeddable":true,"href":"https:\/\/corrientesdetarde.com\/index.php\/wp-json\/wp\/v2\/users\/8"}],"replies":[{"embeddable":true,"href":"https:\/\/corrientesdetarde.com\/index.php\/wp-json\/wp\/v2\/comments?post=64768"}],"version-history":[{"count":1,"href":"https:\/\/corrientesdetarde.com\/index.php\/wp-json\/wp\/v2\/posts\/64768\/revisions"}],"predecessor-version":[{"id":64775,"href":"https:\/\/corrientesdetarde.com\/index.php\/wp-json\/wp\/v2\/posts\/64768\/revisions\/64775"}],"wp:featuredmedia":[{"embeddable":true,"href":"https:\/\/corrientesdetarde.com\/index.php\/wp-json\/wp\/v2\/media\/64769"}],"wp:attachment":[{"href":"https:\/\/corrientesdetarde.com\/index.php\/wp-json\/wp\/v2\/media?parent=64768"}],"wp:term":[{"taxonomy":"category","embeddable":true,"href":"https:\/\/corrientesdetarde.com\/index.php\/wp-json\/wp\/v2\/categories?post=64768"},{"taxonomy":"post_tag","embeddable":true,"href":"https:\/\/corrientesdetarde.com\/index.php\/wp-json\/wp\/v2\/tags?post=64768"}],"curies":[{"name":"wp","href":"https:\/\/api.w.org\/{rel}","templated":true}]}}