{"id":64776,"date":"2023-06-02T16:00:25","date_gmt":"2023-06-02T19:00:25","guid":{"rendered":"https:\/\/corrientesdetarde.com\/?p=64776"},"modified":"2023-06-02T16:00:30","modified_gmt":"2023-06-02T19:00:30","slug":"cardozo-evaluo-el-avance-de-obras-en-el-pediatrico","status":"publish","type":"post","link":"https:\/\/corrientesdetarde.com\/index.php\/informacion-general\/cardozo-evaluo-el-avance-de-obras-en-el-pediatrico\/","title":{"rendered":"Cardozo evalu\u00f3 el avance de obras en el Pedi\u00e1trico"},"content":{"rendered":"\n<p>Fue en el marco de una reuni\u00f3n con la cartera de Obras P\u00fablica. Se trata del servicio de rehabilitaci\u00f3n, la ampliaci\u00f3n de la internaci\u00f3n y tambi\u00e9n el Plan Maestro de ese hospital.<\/p>\n\n\n\n<p>El ministro de Salud P\u00fablica de la Provincia, Ricardo Cardozo, se reuni\u00f3 hoy parte de su gabinete y con funcionarios de la cartera de Obras P\u00fablicas. El objetivo, fue evaluar los avances de las obras del servicio de rehabilitaci\u00f3n y la ampliaci\u00f3n de la internaci\u00f3n que se construye en el hospital pedi\u00e1trico Juan Pablo II. Tambi\u00e9n, se abord\u00f3 el Plan Maestro proyectado para esa instituci\u00f3n.&nbsp;<\/p>\n\n\n\n<p>\u201cJunto con el Ministerio de Obras y Servicios P\u00fablicos evaluamos el financiamiento y el informe de c\u00f3mo va aquedar la obra terminada del servicio de rehabilitaci\u00f3n del hospital Juan Pablo II\u201d, dijo el ministro Ricardo Cardozo.&nbsp;<\/p>\n\n\n\n<p>\u201cEs una obra muy importante y por indicaci\u00f3n del gobernador Gustavo Vald\u00e9s se realizar\u00e1n trabajos complementarios que implican que est\u00e9tica y funcionalmente est\u00e9 integrado esta nueva \u00e1rea al hospital\u201d, explic\u00f3.<\/p>\n\n\n\n<p>\u201cEl servicio de rehabilitaci\u00f3n est\u00e1 en m\u00e1s de un 80 por ciento, pero arriba, en el primer piso, trabajamos en una ampliaci\u00f3n del sector de internaci\u00f3n del hospital, que es una obra complementaria con financiamiento puro del Gobierno provincial. Se agregar\u00e1n 26 camas\u201d, agreg\u00f3.&nbsp;<\/p>\n\n\n\n<p>El ministro remarc\u00f3 que \u201ceste servicio ser\u00e1 fundamental para la rehabilitaci\u00f3n de ni\u00f1os con padecimientos tanto motoras como neuromotoras y cognitivas y, por otro lado estar\u00e1 el taller de pr\u00f3tesis y \u00f3rtesis donde se fabricar\u00e1n todos los elementos para la rehabilitaci\u00f3n de estos ni\u00f1os\u201d.<\/p>\n\n\n\n<p>\u201cPor otra parte, abordamos el Plan Maestro del hospital pedi\u00e1trico. En este sentido est\u00e1n planificadas varias obras para el interior del hospital que tienen que ver con la circulaci\u00f3n interna, la diferenciaci\u00f3n entre la circulaci\u00f3n t\u00e9cnica y p\u00fablica. En fin son una serie de obras para todo el hospital\u201d, concluy\u00f3.<\/p>\n\n\n\n<figure class=\"wp-block-image size-large\"><img loading=\"lazy\" decoding=\"async\" width=\"1024\" height=\"682\" src=\"https:\/\/corrientesdetarde.com\/wp-content\/uploads\/2023\/06\/image-71-1024x682.png\" alt=\"\" class=\"wp-image-64782\" srcset=\"https:\/\/corrientesdetarde.com\/wp-content\/uploads\/2023\/06\/image-71-1024x682.png 1024w, https:\/\/corrientesdetarde.com\/wp-content\/uploads\/2023\/06\/image-71-300x200.png 300w, https:\/\/corrientesdetarde.com\/wp-content\/uploads\/2023\/06\/image-71-768x512.png 768w, https:\/\/corrientesdetarde.com\/wp-content\/uploads\/2023\/06\/image-71-1536x1023.png 1536w, https:\/\/corrientesdetarde.com\/wp-content\/uploads\/2023\/06\/image-71-272x182.png 272w, https:\/\/corrientesdetarde.com\/wp-content\/uploads\/2023\/06\/image-71.png 1600w\" sizes=\"auto, (max-width: 1024px) 100vw, 1024px\" \/><\/figure>\n\n\n\n<figure class=\"wp-block-image size-large\"><img loading=\"lazy\" decoding=\"async\" width=\"1024\" height=\"682\" src=\"https:\/\/corrientesdetarde.com\/wp-content\/uploads\/2023\/06\/image-72-1024x682.png\" alt=\"\" class=\"wp-image-64783\" srcset=\"https:\/\/corrientesdetarde.com\/wp-content\/uploads\/2023\/06\/image-72-1024x682.png 1024w, https:\/\/corrientesdetarde.com\/wp-content\/uploads\/2023\/06\/image-72-300x200.png 300w, https:\/\/corrientesdetarde.com\/wp-content\/uploads\/2023\/06\/image-72-768x512.png 768w, https:\/\/corrientesdetarde.com\/wp-content\/uploads\/2023\/06\/image-72-1536x1023.png 1536w, https:\/\/corrientesdetarde.com\/wp-content\/uploads\/2023\/06\/image-72-272x182.png 272w, https:\/\/corrientesdetarde.com\/wp-content\/uploads\/2023\/06\/image-72.png 1600w\" sizes=\"auto, (max-width: 1024px) 100vw, 1024px\" \/><\/figure>\n","protected":false},"excerpt":{"rendered":"<p>Fue en el marco de una reuni\u00f3n con la cartera de Obras P\u00fablica. Se trata del servicio de rehabilitaci\u00f3n, la ampliaci\u00f3n de la internaci\u00f3n y tambi\u00e9n el Plan Maestro de&hellip; <\/p>\n","protected":false},"author":8,"featured_media":64781,"comment_status":"closed","ping_status":"open","sticky":false,"template":"","format":"standard","meta":{"footnotes":""},"categories":[1],"tags":[],"class_list":["post-64776","post","type-post","status-publish","format-standard","has-post-thumbnail","hentry","category-informacion-general"],"_links":{"self":[{"href":"https:\/\/corrientesdetarde.com\/index.php\/wp-json\/wp\/v2\/posts\/64776","targetHints":{"allow":["GET"]}}],"collection":[{"href":"https:\/\/corrientesdetarde.com\/index.php\/wp-json\/wp\/v2\/posts"}],"about":[{"href":"https:\/\/corrientesdetarde.com\/index.php\/wp-json\/wp\/v2\/types\/post"}],"author":[{"embeddable":true,"href":"https:\/\/corrientesdetarde.com\/index.php\/wp-json\/wp\/v2\/users\/8"}],"replies":[{"embeddable":true,"href":"https:\/\/corrientesdetarde.com\/index.php\/wp-json\/wp\/v2\/comments?post=64776"}],"version-history":[{"count":1,"href":"https:\/\/corrientesdetarde.com\/index.php\/wp-json\/wp\/v2\/posts\/64776\/revisions"}],"predecessor-version":[{"id":64784,"href":"https:\/\/corrientesdetarde.com\/index.php\/wp-json\/wp\/v2\/posts\/64776\/revisions\/64784"}],"wp:featuredmedia":[{"embeddable":true,"href":"https:\/\/corrientesdetarde.com\/index.php\/wp-json\/wp\/v2\/media\/64781"}],"wp:attachment":[{"href":"https:\/\/corrientesdetarde.com\/index.php\/wp-json\/wp\/v2\/media?parent=64776"}],"wp:term":[{"taxonomy":"category","embeddable":true,"href":"https:\/\/corrientesdetarde.com\/index.php\/wp-json\/wp\/v2\/categories?post=64776"},{"taxonomy":"post_tag","embeddable":true,"href":"https:\/\/corrientesdetarde.com\/index.php\/wp-json\/wp\/v2\/tags?post=64776"}],"curies":[{"name":"wp","href":"https:\/\/api.w.org\/{rel}","templated":true}]}}