{"id":64828,"date":"2023-06-02T16:59:58","date_gmt":"2023-06-02T19:59:58","guid":{"rendered":"https:\/\/corrientesdetarde.com\/?p=64828"},"modified":"2023-06-02T17:00:03","modified_gmt":"2023-06-02T20:00:03","slug":"la-municipalidad-brindo-una-capacitacionsobre-diversidad-a-efectivos-de-la-policia","status":"publish","type":"post","link":"https:\/\/corrientesdetarde.com\/index.php\/informacion-general\/la-municipalidad-brindo-una-capacitacionsobre-diversidad-a-efectivos-de-la-policia\/","title":{"rendered":"La Municipalidad brind\u00f3 una capacitaci\u00f3nsobre diversidad a efectivos de la Polic\u00eda"},"content":{"rendered":"\n<p><em>La charla, organizada por la Municipalidad, se llev\u00f3 adelante este viernes en el Centro de Formaci\u00f3n y Capacitaci\u00f3n Policial del barrio Santa Catalina y participaron un centenar de agentes. La actividad fue llevada adelante en el marco del Mes del Orgullo LGBTQ.<\/em><\/p>\n\n\n\n<p>La Municipalidad de Corrientes realiz\u00f3 este viernes un taller en el Centro de Formaci\u00f3n y Capacitaci\u00f3n Policial, del barrio Santa Catalina, en el marco del Mes del Orgullo LGBTQ. Del encuentro participaron 100 efectivos que trabajan y cumplen su funci\u00f3n en distintas dependencias de la ciudad.<br>&nbsp;<br>La charla denominada &#8220;Construyendo Entornos de Trabajo Amigables con la Diversidad&#8221; est\u00e1 a cargo de la direcci\u00f3n general de Diversidad, con el objetivo de generar espacios de debate con respecto a la diversidad sexual y de g\u00e9nero y a la ley de identidad de g\u00e9nero. Particip\u00f3 en conjunto con el municipio la direcci\u00f3n de Diversidad de G\u00e9nero de la Provincia, a cargo de Victor Hugo Gonzalez.<br>&nbsp;<br>\u201cEstamos brindando estos talleres en el inicio del mes del orgullo, que es un mes muy importante justamente para visibilizar la discriminaci\u00f3n y violencia que todav\u00eda sufren las personas pertenecientes al grupo LGBT\u201d, explic\u00f3 la directora general de Diversidad, Cristina Vigay.<br>&nbsp;<br>La funcionaria detall\u00f3 que durante el encuentro se desarrollaron \u201ctem\u00e1ticas de diversidad, espec\u00edficamente todo lo que tenga que ver con la ley de identidad de g\u00e9nero, el trato digno hacia las personas LGBT\u201d.<br>&nbsp;<br>\u201cQueremos, de alguna manera, lograr que se reviertan ciertas situaciones que se dan a nivel sociedad, pero tambi\u00e9n espec\u00edficamente en los \u00e1mbitos institucionales\u201d, agreg\u00f3 Vigay, quien destac\u00f3 la participaci\u00f3n y la predisposici\u00f3n de la fuerza provincial.<br>&nbsp;<br>En ese sentido, la directora general de Diversidad resalt\u00f3 la importancia que el personal de seguridad se capacite en esta tem\u00e1tica \u201cporque tambi\u00e9n incluye no solamente a las personas externas sino tambi\u00e9n a sus propios compa\u00f1eros porque ac\u00e1 lo que queremos lograr es justamente entornos amigables con la diversidad, tanto interna como externamente\u201d.<br>&nbsp;<br>A su vez, Vigay record\u00f3 que esta charla se suma a la que ya se brind\u00f3 en el Servicio Penitenciario de la Provincia. \u201cTenemos tambi\u00e9n pensado ingresar a otras instituciones como por ejemplo las universidades, que estamos trabajando en eso, y a otros \u00e1mbitos de la sociedad donde entendemos que es necesario todav\u00eda seguir construyendo estos entornos amigables\u201d, dijo.<br>&nbsp;<br>Por su parte, el jefe del Departamento de la Escuela Superior del Instituto Superior de Formaci\u00f3n Policial, V\u00edctor Gim\u00e9nez, resalt\u00f3 la importancia de la charla brindada por el Municipio y afirm\u00f3 que \u201cest\u00e1 participando el personal policial que trabaja y cumple su funci\u00f3n en distintas dependencias y tambi\u00e9n para aquellos que cumplen funciones en la calle\u201d.<br>&nbsp;<br>Entre tanto, destac\u00f3 que es importante que \u201ctodos los efectivos participen de esta charla para poder estar formado\u201d, capacitado para atender todo tipo de situaciones que se puedan dar en el trabajo diario en la v\u00eda p\u00fablica.<br><br><a href=\"https:\/\/ciudaddecorrientes.us12.list-manage.com\/track\/click?u=253e4bcff71216c6af771c3c9&amp;id=60de74a28b&amp;e=17643edfa8\" target=\"_blank\" rel=\"noreferrer noopener\">NOTA TV.<\/a><br>Cristina Vigay,&nbsp;directora general de Diversidad; V\u00edctor Gim\u00e9nez, jefe del Departamento de la Escuela Superior del Instituto Superior de Formaci\u00f3n Policial.<\/p>\n\n\n\n<figure class=\"wp-block-image size-large\"><img loading=\"lazy\" decoding=\"async\" width=\"1024\" height=\"682\" src=\"https:\/\/corrientesdetarde.com\/wp-content\/uploads\/2023\/06\/image-87-1024x682.png\" alt=\"\" class=\"wp-image-64829\" srcset=\"https:\/\/corrientesdetarde.com\/wp-content\/uploads\/2023\/06\/image-87-1024x682.png 1024w, https:\/\/corrientesdetarde.com\/wp-content\/uploads\/2023\/06\/image-87-300x200.png 300w, https:\/\/corrientesdetarde.com\/wp-content\/uploads\/2023\/06\/image-87-768x512.png 768w, https:\/\/corrientesdetarde.com\/wp-content\/uploads\/2023\/06\/image-87-272x182.png 272w, https:\/\/corrientesdetarde.com\/wp-content\/uploads\/2023\/06\/image-87.png 1280w\" sizes=\"auto, (max-width: 1024px) 100vw, 1024px\" \/><\/figure>\n\n\n\n<figure class=\"wp-block-image size-large\"><img loading=\"lazy\" decoding=\"async\" width=\"1024\" height=\"682\" src=\"https:\/\/corrientesdetarde.com\/wp-content\/uploads\/2023\/06\/image-88-1024x682.png\" alt=\"\" class=\"wp-image-64830\" srcset=\"https:\/\/corrientesdetarde.com\/wp-content\/uploads\/2023\/06\/image-88-1024x682.png 1024w, https:\/\/corrientesdetarde.com\/wp-content\/uploads\/2023\/06\/image-88-300x200.png 300w, https:\/\/corrientesdetarde.com\/wp-content\/uploads\/2023\/06\/image-88-768x512.png 768w, https:\/\/corrientesdetarde.com\/wp-content\/uploads\/2023\/06\/image-88-272x182.png 272w, https:\/\/corrientesdetarde.com\/wp-content\/uploads\/2023\/06\/image-88.png 1280w\" sizes=\"auto, (max-width: 1024px) 100vw, 1024px\" \/><\/figure>\n\n\n\n<figure class=\"wp-block-image size-large\"><img loading=\"lazy\" decoding=\"async\" width=\"1024\" height=\"682\" src=\"https:\/\/corrientesdetarde.com\/wp-content\/uploads\/2023\/06\/image-89-1024x682.png\" alt=\"\" class=\"wp-image-64831\" srcset=\"https:\/\/corrientesdetarde.com\/wp-content\/uploads\/2023\/06\/image-89-1024x682.png 1024w, https:\/\/corrientesdetarde.com\/wp-content\/uploads\/2023\/06\/image-89-300x200.png 300w, https:\/\/corrientesdetarde.com\/wp-content\/uploads\/2023\/06\/image-89-768x512.png 768w, https:\/\/corrientesdetarde.com\/wp-content\/uploads\/2023\/06\/image-89-272x182.png 272w, https:\/\/corrientesdetarde.com\/wp-content\/uploads\/2023\/06\/image-89.png 1280w\" sizes=\"auto, (max-width: 1024px) 100vw, 1024px\" \/><\/figure>\n","protected":false},"excerpt":{"rendered":"<p>La charla, organizada por la Municipalidad, se llev\u00f3 adelante este viernes en el Centro de Formaci\u00f3n y Capacitaci\u00f3n Policial del barrio Santa Catalina y participaron un centenar de agentes. La&hellip; <\/p>\n","protected":false},"author":8,"featured_media":64832,"comment_status":"closed","ping_status":"open","sticky":false,"template":"","format":"standard","meta":{"footnotes":""},"categories":[1],"tags":[],"class_list":["post-64828","post","type-post","status-publish","format-standard","has-post-thumbnail","hentry","category-informacion-general"],"_links":{"self":[{"href":"https:\/\/corrientesdetarde.com\/index.php\/wp-json\/wp\/v2\/posts\/64828","targetHints":{"allow":["GET"]}}],"collection":[{"href":"https:\/\/corrientesdetarde.com\/index.php\/wp-json\/wp\/v2\/posts"}],"about":[{"href":"https:\/\/corrientesdetarde.com\/index.php\/wp-json\/wp\/v2\/types\/post"}],"author":[{"embeddable":true,"href":"https:\/\/corrientesdetarde.com\/index.php\/wp-json\/wp\/v2\/users\/8"}],"replies":[{"embeddable":true,"href":"https:\/\/corrientesdetarde.com\/index.php\/wp-json\/wp\/v2\/comments?post=64828"}],"version-history":[{"count":1,"href":"https:\/\/corrientesdetarde.com\/index.php\/wp-json\/wp\/v2\/posts\/64828\/revisions"}],"predecessor-version":[{"id":64833,"href":"https:\/\/corrientesdetarde.com\/index.php\/wp-json\/wp\/v2\/posts\/64828\/revisions\/64833"}],"wp:featuredmedia":[{"embeddable":true,"href":"https:\/\/corrientesdetarde.com\/index.php\/wp-json\/wp\/v2\/media\/64832"}],"wp:attachment":[{"href":"https:\/\/corrientesdetarde.com\/index.php\/wp-json\/wp\/v2\/media?parent=64828"}],"wp:term":[{"taxonomy":"category","embeddable":true,"href":"https:\/\/corrientesdetarde.com\/index.php\/wp-json\/wp\/v2\/categories?post=64828"},{"taxonomy":"post_tag","embeddable":true,"href":"https:\/\/corrientesdetarde.com\/index.php\/wp-json\/wp\/v2\/tags?post=64828"}],"curies":[{"name":"wp","href":"https:\/\/api.w.org\/{rel}","templated":true}]}}