{"id":64834,"date":"2023-06-02T17:09:11","date_gmt":"2023-06-02T20:09:11","guid":{"rendered":"https:\/\/corrientesdetarde.com\/?p=64834"},"modified":"2023-06-02T17:09:16","modified_gmt":"2023-06-02T20:09:16","slug":"en-otra-muestra-de-rebeldia-hacia-cfk-alberto-fuerza-a-la-interna-en-el-fdt-sumando-precandidatos","status":"publish","type":"post","link":"https:\/\/corrientesdetarde.com\/index.php\/opinion\/en-otra-muestra-de-rebeldia-hacia-cfk-alberto-fuerza-a-la-interna-en-el-fdt-sumando-precandidatos\/","title":{"rendered":"En otra muestra de &#8220;rebeld\u00eda&#8221; hacia CFK, Alberto fuerza a la interna en el FdT sumando precandidatos"},"content":{"rendered":"\n<figure class=\"wp-block-embed is-type-video is-provider-youtube wp-block-embed-youtube wp-embed-aspect-16-9 wp-has-aspect-ratio\"><div class=\"wp-block-embed__wrapper\">\n<iframe loading=\"lazy\" title=\"Fern\u00e1ndez intenta forzar la interna del FdT con m\u00e1s precandidatos\" width=\"1110\" height=\"624\" src=\"https:\/\/www.youtube.com\/embed\/Yw-pGJ2ArTo?feature=oembed\" frameborder=\"0\" allow=\"accelerometer; autoplay; clipboard-write; encrypted-media; gyroscope; picture-in-picture; web-share\" allowfullscreen><\/iframe>\n<\/div><\/figure>\n\n\n\n<p><strong>Por Juan Pablo Peralta desde Casa Rosada<\/strong><\/p>\n\n\n\n<p>Mientras desde China, Sergio Massa anunci\u00f3 la ampliaci\u00f3n del Swap a u$s19.000 millones, en yuanes -deuda que habr\u00e1 que devolver en d\u00f3lares- el presidente Alberto Fern\u00e1ndez sigue con su agenda intermitente, en la que hoy tuvo un encuentro en Olivos con la ministra de Mujeres, Generos y Diversidad, Ayel\u00e9n Mazzina, en la previa a la marcha por el Ni Una Menos. Luego lleg\u00f3 a Balcarce 50, sin actividad p\u00fablica, dejando en manos del jefe de Gabinete, Agust\u00edn Rossi, una jornada dedicada a profundizar y fortalecer la democracia. Algo que llev\u00f3 adelante con representantes de organismos de Derechos Humanos. El ministro coordinador avanz\u00f3 en la estrategia albertista de ir a una interna, criticando el hecho de que se intente forzar una decisi\u00f3n electoral. Tambi\u00e9n critic\u00f3 a la Corte Suprema y se atrevi\u00f3 a hablar de una reforma constitucional para que los jueces de ese alto tribunal sean elegidos por el voto popular. Trasladada a Casa Rosada la discusi\u00f3n pol\u00edtica de cara a los comicios, sigue siendo Wado de Pedro (ministro del Interior) el virtual delf\u00edn de Cristina Kirchner, aunque no oficializ\u00f3 su precandidatura, tambi\u00e9n para no caer en la pol\u00e9mica que recae sobre los funcionarios promovidos por Fern\u00e1ndez. Entre ellos, Daniel Scioli, Rossi y Victoria Tolosa Paz, quienes siguiendo los planteos que el propio mandatario hizo a quienes fueran a jugar en las elecciones, tal el caso de Juan Manzur que volvi\u00f3 a Tucum\u00e1n, deber\u00edan renunciar a sus cargos.<\/p>\n","protected":false},"excerpt":{"rendered":"<p>Por Juan Pablo Peralta desde Casa Rosada Mientras desde China, Sergio Massa anunci\u00f3 la ampliaci\u00f3n del Swap a u$s19.000 millones, en yuanes -deuda que habr\u00e1 que devolver en d\u00f3lares- el&hellip; <\/p>\n","protected":false},"author":11,"featured_media":50648,"comment_status":"closed","ping_status":"open","sticky":false,"template":"","format":"standard","meta":{"footnotes":""},"categories":[35],"tags":[],"class_list":["post-64834","post","type-post","status-publish","format-standard","has-post-thumbnail","hentry","category-opinion"],"_links":{"self":[{"href":"https:\/\/corrientesdetarde.com\/index.php\/wp-json\/wp\/v2\/posts\/64834","targetHints":{"allow":["GET"]}}],"collection":[{"href":"https:\/\/corrientesdetarde.com\/index.php\/wp-json\/wp\/v2\/posts"}],"about":[{"href":"https:\/\/corrientesdetarde.com\/index.php\/wp-json\/wp\/v2\/types\/post"}],"author":[{"embeddable":true,"href":"https:\/\/corrientesdetarde.com\/index.php\/wp-json\/wp\/v2\/users\/11"}],"replies":[{"embeddable":true,"href":"https:\/\/corrientesdetarde.com\/index.php\/wp-json\/wp\/v2\/comments?post=64834"}],"version-history":[{"count":1,"href":"https:\/\/corrientesdetarde.com\/index.php\/wp-json\/wp\/v2\/posts\/64834\/revisions"}],"predecessor-version":[{"id":64835,"href":"https:\/\/corrientesdetarde.com\/index.php\/wp-json\/wp\/v2\/posts\/64834\/revisions\/64835"}],"wp:featuredmedia":[{"embeddable":true,"href":"https:\/\/corrientesdetarde.com\/index.php\/wp-json\/wp\/v2\/media\/50648"}],"wp:attachment":[{"href":"https:\/\/corrientesdetarde.com\/index.php\/wp-json\/wp\/v2\/media?parent=64834"}],"wp:term":[{"taxonomy":"category","embeddable":true,"href":"https:\/\/corrientesdetarde.com\/index.php\/wp-json\/wp\/v2\/categories?post=64834"},{"taxonomy":"post_tag","embeddable":true,"href":"https:\/\/corrientesdetarde.com\/index.php\/wp-json\/wp\/v2\/tags?post=64834"}],"curies":[{"name":"wp","href":"https:\/\/api.w.org\/{rel}","templated":true}]}}