{"id":64836,"date":"2023-06-02T18:05:32","date_gmt":"2023-06-02T21:05:32","guid":{"rendered":"https:\/\/corrientesdetarde.com\/?p=64836"},"modified":"2023-06-02T18:05:35","modified_gmt":"2023-06-02T21:05:35","slug":"corrientes-tiene-el-crecimiento-de-asalariados-del-sector-industrial-mas-alto-del-nea","status":"publish","type":"post","link":"https:\/\/corrientesdetarde.com\/index.php\/economia\/corrientes-tiene-el-crecimiento-de-asalariados-del-sector-industrial-mas-alto-del-nea\/","title":{"rendered":"Corrientes tiene el crecimiento de asalariados del sector industrial m\u00e1s alto del NEA"},"content":{"rendered":"\n<p>La provincia de Corrientes registr\u00f3 el incremento m\u00e1s alto del NEA respecto a los trabajadores asalariados registrados del sector industrial. Con un incremento del 8.6% en el periodo 2014-2023, supera al 5.7% de Formosa, 4.4% de Misiones y el 1% de Chaco.<\/p>\n\n\n\n<p>El an\u00e1lisis fue realizado por el director de Estad\u00edstica y Censos provincial, Francisco Bosco tomando datos del Ministerio de Desarrollo Productivo de Naci\u00f3n.<\/p>\n\n\n\n<p>En una infograf\u00eda realizada por el funcionario, detalla que a nivel nacional los asalariados registrados en el sector privado pertenecientes al rubro \u201cIndustria Manufacturera\u201d decrecieron un 1.6% entre enero de 2014 y enero de 2023. Pero que las provincias del NEA registraron n\u00fameros positivos, como se mencion\u00f3.<\/p>\n\n\n\n<p>A enero de este a\u00f1o, Corrientes registra 13.507 asalariados registrados privados industriales. Mientas que Formosa tiene 2.585, Chaco 8.769 y Misiones 23.277.<\/p>\n\n\n\n<p>Bosco declar\u00f3 que, entre otros factores, los 18 parques industriales creados en la provincia fueron de mucha ayuda para el crecimiento de estos n\u00fameros.<\/p>\n\n\n\n<figure class=\"wp-block-image size-full\"><img loading=\"lazy\" decoding=\"async\" width=\"1024\" height=\"768\" src=\"https:\/\/corrientesdetarde.com\/wp-content\/uploads\/2023\/06\/image-90.png\" alt=\"\" class=\"wp-image-64837\" srcset=\"https:\/\/corrientesdetarde.com\/wp-content\/uploads\/2023\/06\/image-90.png 1024w, https:\/\/corrientesdetarde.com\/wp-content\/uploads\/2023\/06\/image-90-300x225.png 300w, https:\/\/corrientesdetarde.com\/wp-content\/uploads\/2023\/06\/image-90-768x576.png 768w\" sizes=\"auto, (max-width: 1024px) 100vw, 1024px\" \/><\/figure>\n","protected":false},"excerpt":{"rendered":"<p>La provincia de Corrientes registr\u00f3 el incremento m\u00e1s alto del NEA respecto a los trabajadores asalariados registrados del sector industrial. Con un incremento del 8.6% en el periodo 2014-2023, supera&hellip; <\/p>\n","protected":false},"author":8,"featured_media":64838,"comment_status":"closed","ping_status":"open","sticky":false,"template":"","format":"standard","meta":{"footnotes":""},"categories":[20],"tags":[],"class_list":["post-64836","post","type-post","status-publish","format-standard","has-post-thumbnail","hentry","category-economia"],"_links":{"self":[{"href":"https:\/\/corrientesdetarde.com\/index.php\/wp-json\/wp\/v2\/posts\/64836","targetHints":{"allow":["GET"]}}],"collection":[{"href":"https:\/\/corrientesdetarde.com\/index.php\/wp-json\/wp\/v2\/posts"}],"about":[{"href":"https:\/\/corrientesdetarde.com\/index.php\/wp-json\/wp\/v2\/types\/post"}],"author":[{"embeddable":true,"href":"https:\/\/corrientesdetarde.com\/index.php\/wp-json\/wp\/v2\/users\/8"}],"replies":[{"embeddable":true,"href":"https:\/\/corrientesdetarde.com\/index.php\/wp-json\/wp\/v2\/comments?post=64836"}],"version-history":[{"count":1,"href":"https:\/\/corrientesdetarde.com\/index.php\/wp-json\/wp\/v2\/posts\/64836\/revisions"}],"predecessor-version":[{"id":64839,"href":"https:\/\/corrientesdetarde.com\/index.php\/wp-json\/wp\/v2\/posts\/64836\/revisions\/64839"}],"wp:featuredmedia":[{"embeddable":true,"href":"https:\/\/corrientesdetarde.com\/index.php\/wp-json\/wp\/v2\/media\/64838"}],"wp:attachment":[{"href":"https:\/\/corrientesdetarde.com\/index.php\/wp-json\/wp\/v2\/media?parent=64836"}],"wp:term":[{"taxonomy":"category","embeddable":true,"href":"https:\/\/corrientesdetarde.com\/index.php\/wp-json\/wp\/v2\/categories?post=64836"},{"taxonomy":"post_tag","embeddable":true,"href":"https:\/\/corrientesdetarde.com\/index.php\/wp-json\/wp\/v2\/tags?post=64836"}],"curies":[{"name":"wp","href":"https:\/\/api.w.org\/{rel}","templated":true}]}}