{"id":64840,"date":"2023-06-02T18:20:19","date_gmt":"2023-06-02T21:20:19","guid":{"rendered":"https:\/\/corrientesdetarde.com\/?p=64840"},"modified":"2023-06-02T18:29:11","modified_gmt":"2023-06-02T21:29:11","slug":"fuerte-malestar-en-cancilleria-por-el-cargo-que-el-gobierno-le-dio-al-exembajador-gabriel-fuks","status":"publish","type":"post","link":"https:\/\/corrientesdetarde.com\/index.php\/nacionales\/fuerte-malestar-en-cancilleria-por-el-cargo-que-el-gobierno-le-dio-al-exembajador-gabriel-fuks\/","title":{"rendered":"Fuerte malestar en Canciller\u00eda por el cargo que el Gobierno le dio al exembajador Gabriel Fuks"},"content":{"rendered":"\n<p>Fue expulsado de Ecuador tras la fuga de la exministra de Correa, Mar\u00eda de los \u00c1ngeles Duarte. Lo designaron a cargo de la relaci\u00f3n con los pa\u00edses latinoamericanos, un puesto que antes ocupaba un diplom\u00e1tico.<\/p>\n\n\n\n<p><a href=\"https:\/\/tn.com.ar\/autor\/gbanez\/\"><\/a>\u201cEs ins\u00f3lito. Designan a un pol\u00edtico declarado persona non grata en un pa\u00eds latinoamericano como Subsecretario de Asuntos de Am\u00e9rica Latina\u201d. Conciso. Este comentario de un diplom\u00e1tico de carrera representa\u00a0<strong>el enojo de gran parte de los profesionales de Canciller\u00eda<\/strong>\u00a0por la designaci\u00f3n de Gabriel Fuks en ese cargo.<\/p>\n\n\n\n<p>Sucede que esta ma\u00f1ana el Ministerio de Asuntos Exteriores difundi\u00f3 un comunicado donde informaba que Gabriel Fuks hab\u00eda presentado formalmente su renuncia como embajador argentino ante Ecuador y Santiago Cafiero lo designaba como\u00a0<strong>el hombre a cargo de la pol\u00edtica latinoamericana en Canciller\u00eda.<\/strong><\/p>\n\n\n\n<p>Ese cargo hab\u00eda sido ocupado por Gustavo Mart\u00ednez Pandiani, hombre muy cercano a Sergio Massa, hasta hace 15 d\u00edas, cuando fue designado como embajador argentino en Suiza.&nbsp;<strong>\u201cOtro pol\u00edtico en lugar de un diplom\u00e1tico de carrera en un lugar de relevancia\u201d<\/strong>, repiten, molestos, distintos sectores dentro de la cartera que encabeza Cafiero.<\/p>\n\n\n\n<p>El nuevo destino de Mart\u00ednez Pandiani no guarda relaci\u00f3n con la nueva designaci\u00f3n de Gabriel Fuks. No hay un malestar por el reemplazo porque, en s\u00ed, no es que se haya dado, sino que el Gobierno volvi\u00f3 a decidir ubicar en&nbsp;<strong>un puesto estrat\u00e9gico a un pol\u00edtico en lugar de a un diplom\u00e1tico.<\/strong><\/p>\n\n\n\n<h2 class=\"wp-block-heading\">Una decisi\u00f3n que esconde un respaldo a Fuks<\/h2>\n\n\n\n<p><strong>\u201cLe agradezco a Alberto Fern\u00e1ndez y a Santiago Cafiero&nbsp;<\/strong>por el respaldo a lo actuado y la nueva responsabilidad otorgada en Canciller\u00eda, pondremos el esfuerzo de siempre\u201d, escribi\u00f3 Gabriel Fuks en su cuenta de Twitter conocida su designaci\u00f3n.<\/p>\n\n\n\n<p>Este gesto del presidente y el canciller es le\u00eddo como un respaldo directo al dirigente pol\u00edtico que fue legislador porte\u00f1o, defensor adjunto de Pueblo de la Ciudad y secretario de Articulaci\u00f3n Federal de la Seguridad de la Naci\u00f3n antes de llegar a la embajada argentina en Quito.<\/p>\n\n\n\n<figure class=\"wp-block-image\"><img decoding=\"async\" src=\"https:\/\/tn.com.ar\/resizer\/xSyE0Q-AdO82OoCAm_YW6f_ryDE=\/767x0\/smart\/filters:format(webp)\/cloudfront-us-east-1.images.arcpublishing.com\/artear\/MEYXU5ZOW5EBBKPFUS4EIXVHXE.jpg\" alt=\"Fuks ocupar\u00e1 el lugar que hasta hace 15 d\u00edas ten\u00eda Gustavo Mart\u00ednez Pandiani. (Foto: Canciller\u00eda)\"\/><\/figure>\n\n\n\n<p>All\u00ed\u00a0<strong>fue declarado persona non grata por el presidente Guillermo Lasso<\/strong>\u00a0en marzo de este a\u00f1o luego de la fuga de Mar\u00eda de los Angeles Duartes\u00a0, la ex ministra de Transporte y Obras P\u00fablicas de Rafael Correa \u00a0condenada por corrupci\u00f3n, como su jefe pol\u00edtico, exiliado en B\u00e9lgica y con orden de detenci\u00f3n en Ecuador.<\/p>\n\n\n\n<p>Tras ese episodio tanto Argentina como Ecuador expulsaron a los m\u00e1ximos representantes diplom\u00e1ticos de su territorio.<strong>\u00a0Desde ese momento Fuks esperaba una designaci\u00f3n.<\/strong><\/p>\n\n\n\n<p>La huida de Duarte de la residencia argentina sigue envuelta en un manto de dudas. El ahora excanciller ecuatoriano \u2013tras la crisis del gobierno de Lasso- Juan Carlos Holgu\u00edn apunt\u00f3 desde un primer momento contra Fuks\u00a0<strong>por haberla dejado escapar y no colaborar con la justicia local.<\/strong><\/p>\n\n\n\n<p>Pero la Argentina se defendi\u00f3 y marc\u00f3 distintos puntos ciegos y falencias de la propia polic\u00eda ecuatoriana y de los agentes fronterizos de aquel pa\u00eds.&nbsp;<strong>\u201c\u00bfC\u00f3mo es que pudo pasar la frontera sin que sea identificada?\u201d,<\/strong>&nbsp;se pregunt\u00f3 el exembajador argentino para criticar al gobierno de Lasso.<\/p>\n\n\n\n<p>Lo cierto es que desde aquel momento\u00a0la relaci\u00f3n entre ambos paises qued\u00f3 muy tensa\u00a0aunque no se lleg\u00f3 a romper la relaci\u00f3n diplom\u00e1tica. Restar\u00e1 ver qui\u00e9n es el nuevo presidente de Ecuador tras las pr\u00f3ximas elecciones del 20 de agosto.\u00a0<strong>Hoy Lasso anunci\u00f3 que no buscar\u00e1 la reelecci\u00f3n.<\/strong><\/p>\n","protected":false},"excerpt":{"rendered":"<p>Fue expulsado de Ecuador tras la fuga de la exministra de Correa, Mar\u00eda de los \u00c1ngeles Duarte. Lo designaron a cargo de la relaci\u00f3n con los pa\u00edses latinoamericanos, un puesto&hellip; <\/p>\n","protected":false},"author":8,"featured_media":64841,"comment_status":"closed","ping_status":"open","sticky":false,"template":"","format":"standard","meta":{"footnotes":""},"categories":[10],"tags":[],"class_list":["post-64840","post","type-post","status-publish","format-standard","has-post-thumbnail","hentry","category-nacionales"],"_links":{"self":[{"href":"https:\/\/corrientesdetarde.com\/index.php\/wp-json\/wp\/v2\/posts\/64840","targetHints":{"allow":["GET"]}}],"collection":[{"href":"https:\/\/corrientesdetarde.com\/index.php\/wp-json\/wp\/v2\/posts"}],"about":[{"href":"https:\/\/corrientesdetarde.com\/index.php\/wp-json\/wp\/v2\/types\/post"}],"author":[{"embeddable":true,"href":"https:\/\/corrientesdetarde.com\/index.php\/wp-json\/wp\/v2\/users\/8"}],"replies":[{"embeddable":true,"href":"https:\/\/corrientesdetarde.com\/index.php\/wp-json\/wp\/v2\/comments?post=64840"}],"version-history":[{"count":1,"href":"https:\/\/corrientesdetarde.com\/index.php\/wp-json\/wp\/v2\/posts\/64840\/revisions"}],"predecessor-version":[{"id":64842,"href":"https:\/\/corrientesdetarde.com\/index.php\/wp-json\/wp\/v2\/posts\/64840\/revisions\/64842"}],"wp:featuredmedia":[{"embeddable":true,"href":"https:\/\/corrientesdetarde.com\/index.php\/wp-json\/wp\/v2\/media\/64841"}],"wp:attachment":[{"href":"https:\/\/corrientesdetarde.com\/index.php\/wp-json\/wp\/v2\/media?parent=64840"}],"wp:term":[{"taxonomy":"category","embeddable":true,"href":"https:\/\/corrientesdetarde.com\/index.php\/wp-json\/wp\/v2\/categories?post=64840"},{"taxonomy":"post_tag","embeddable":true,"href":"https:\/\/corrientesdetarde.com\/index.php\/wp-json\/wp\/v2\/tags?post=64840"}],"curies":[{"name":"wp","href":"https:\/\/api.w.org\/{rel}","templated":true}]}}