{"id":64843,"date":"2023-06-02T18:28:30","date_gmt":"2023-06-02T21:28:30","guid":{"rendered":"https:\/\/corrientesdetarde.com\/?p=64843"},"modified":"2023-06-02T18:28:52","modified_gmt":"2023-06-02T21:28:52","slug":"horacio-rodriguez-larreta-a-favor-de-la-flexibilizacion-laboral-voy-a-terminar-con-la-industria-del-juicio-laboral","status":"publish","type":"post","link":"https:\/\/corrientesdetarde.com\/index.php\/politica\/horacio-rodriguez-larreta-a-favor-de-la-flexibilizacion-laboral-voy-a-terminar-con-la-industria-del-juicio-laboral\/","title":{"rendered":"Horacio Rodr\u00edguez Larreta a favor de la flexibilizaci\u00f3n laboral: &#8220;Voy a terminar con la industria del juicio laboral&#8221;"},"content":{"rendered":"\n<p>El precandidato a presidente de Juntos por el Cambio, Horacio Rodr\u00edguez Larreta, busca atraer el voto m\u00e1s duro de ese sector y promete limitar derechos laborales.<\/p>\n\n\n\n<p>Tras celebrar el fallo de la Corte Suprema de Justicia que dej\u00f3 a\u00a0<strong>Sergio U\u00f1ac\u00a0<\/strong>sin la posibilidad de ir por la reelecci\u00f3n en San Juan, el precandidato presidencial de Juntos por el Cambio,\u00a0<strong>Horacio Rodr\u00edguez Larreta<\/strong>, la emprendi\u00f3 de lleno contra los derechos de los trabajadores y ya empez\u00f3 a agitar el fantasma de la\u00a0<strong>flexibilizaci\u00f3n laboral.<\/strong><\/p>\n\n\n\n<p>En ese sentido el jefe de gobierno de la Ciudad de Buenos Aires advirti\u00f3:\u00a0&#8220;voy a terminar con la industria del juicio laboral&#8221; y calific\u00f3 como &#8220;absurda&#8221; la ley de Contrato de Trabajo.<\/p>\n\n\n\n<p>Decidido a consolidar el voto entre los votantes m\u00e1s duros de la derecha y as\u00ed esmerilar la intenci\u00f3n de voto de su principal contrincante en las PASO,&nbsp;<strong>Patricia Bullrich,&nbsp;<\/strong>Rodr\u00edguez Larreta anticip\u00f3 que que en caso de ganar las elecciones, impulsar\u00e1 una reforma laboral para terminar &#8220;con las mafias y aprietes sindicales&#8221;.<\/p>\n\n\n\n<p>As\u00ed lo comunic\u00f3 mediante sus redes sociales: &#8220;Desde el 10 de diciembre voy a trabajar para modificar esta Ley de Multas absurda que solo frena a los que producen y dan trabajo. Tenemos que construir un sistema laboral mas justo, previsible y equilibrado para todos. Basta de mafias y de aprietes sindicales. Esa Argentina ya no va m\u00e1s&#8221;.<\/p>\n\n\n\n<figure class=\"wp-block-image\"><img decoding=\"async\" src=\"https:\/\/media.minutouno.com\/p\/ffb97550015a07d50bc1bead8d4c3daa\/adjuntos\/150\/imagenes\/040\/669\/0040669253\/610x0\/smart\/rodriguez-larreta-y-macripng.png\" alt=\"\" title=\"\"\/><\/figure>\n\n\n\n<p>El precandidato a presidente por Juntos Por el Cambio explic\u00f3 ayer en Corrientes que, de ganar las elecciones presidenciales, &#8220;vamos a terminar con la industria del juicio que hoy es un esc\u00e1ndalo; una pyme con ocho trabajadores recibe un juicio laboral y voltea la pyme, se quedan siete sin laburo y la conclusi\u00f3n es que nadie toma a nadie formalmente&#8221;.<\/p>\n\n\n\n<p>Adem\u00e1s, a\u00f1adi\u00f3 que &#8220;lo que vamos a cambiar desde el primer d\u00eda con una ley de multas, con eso se acaba la joda de la industria del juicio laboral que lo \u00fanico que hace es que no haya empleo formal&#8221;. Y subray\u00f3 que &#8220;en cada uno de esos temas y muchos m\u00e1s vamos a impulsar un cambio profundo en la Argentina&#8221;.<\/p>\n\n\n\n<p>En esa l\u00ednea, el Jefe de Gobierno porte\u00f1o durante el 2022, present\u00f3 un proyecto de ley de multas por mala o nula registraci\u00f3n laboral. &#8220;Al reducir la incertidumbre a los empleadores, se incentiva a\u00fan m\u00e1s la generaci\u00f3n de empleo y se evita que quiebren PyMEs por multas impagables&#8221;, asegur\u00f3.<\/p>\n\n\n\n<figure class=\"wp-block-embed is-type-rich is-provider-twitter wp-block-embed-twitter\"><div class=\"wp-block-embed__wrapper\">\n<blockquote class=\"twitter-tweet\" data-width=\"550\" data-dnt=\"true\"><p lang=\"es\" dir=\"ltr\">\ud835\udc15\ud835\udc28\ud835\udc32 \ud835\udc1a \ud835\udc2d\ud835\udc1e\ud835\udc2b\ud835\udc26\ud835\udc22\ud835\udc27\ud835\udc1a\ud835\udc2b \ud835\udc1c\ud835\udc28\ud835\udc27 \ud835\udc25\ud835\udc1a \ud835\udc22\ud835\udc27\ud835\udc1d\ud835\udc2e\ud835\udc2c\ud835\udc2d\ud835\udc2b\ud835\udc22\ud835\udc1a \ud835\udc1d\ud835\udc1e\ud835\udc25 \ud835\udc23\ud835\udc2e\ud835\udc22\ud835\udc1c\ud835\udc22\ud835\udc28 \ud835\udc25\ud835\udc1a\ud835\udc1b\ud835\udc28\ud835\udc2b\ud835\udc1a\ud835\udc25.<br><br>Desde el 10 de diciembre voy a trabajar para modificar esta Ley de Multas absurda que solo frena a los que producen y dan trabajo. Tenemos que construir un sistema laboral mas justo,\u2026 <a href=\"https:\/\/t.co\/F5Yp5WH9UL\">pic.twitter.com\/F5Yp5WH9UL<\/a><\/p>&mdash; Horacio Rodr\u00edguez Larreta (@horaciorlarreta) <a href=\"https:\/\/twitter.com\/horaciorlarreta\/status\/1664621333274034177?ref_src=twsrc%5Etfw\">June 2, 2023<\/a><\/blockquote><script async src=\"https:\/\/platform.twitter.com\/widgets.js\" charset=\"utf-8\"><\/script>\n<\/div><\/figure>\n","protected":false},"excerpt":{"rendered":"<p>El precandidato a presidente de Juntos por el Cambio, Horacio Rodr\u00edguez Larreta, busca atraer el voto m\u00e1s duro de ese sector y promete limitar derechos laborales. Tras celebrar el fallo&hellip; <\/p>\n","protected":false},"author":8,"featured_media":64844,"comment_status":"closed","ping_status":"open","sticky":false,"template":"","format":"standard","meta":{"footnotes":""},"categories":[3],"tags":[],"class_list":["post-64843","post","type-post","status-publish","format-standard","has-post-thumbnail","hentry","category-politica"],"_links":{"self":[{"href":"https:\/\/corrientesdetarde.com\/index.php\/wp-json\/wp\/v2\/posts\/64843","targetHints":{"allow":["GET"]}}],"collection":[{"href":"https:\/\/corrientesdetarde.com\/index.php\/wp-json\/wp\/v2\/posts"}],"about":[{"href":"https:\/\/corrientesdetarde.com\/index.php\/wp-json\/wp\/v2\/types\/post"}],"author":[{"embeddable":true,"href":"https:\/\/corrientesdetarde.com\/index.php\/wp-json\/wp\/v2\/users\/8"}],"replies":[{"embeddable":true,"href":"https:\/\/corrientesdetarde.com\/index.php\/wp-json\/wp\/v2\/comments?post=64843"}],"version-history":[{"count":1,"href":"https:\/\/corrientesdetarde.com\/index.php\/wp-json\/wp\/v2\/posts\/64843\/revisions"}],"predecessor-version":[{"id":64845,"href":"https:\/\/corrientesdetarde.com\/index.php\/wp-json\/wp\/v2\/posts\/64843\/revisions\/64845"}],"wp:featuredmedia":[{"embeddable":true,"href":"https:\/\/corrientesdetarde.com\/index.php\/wp-json\/wp\/v2\/media\/64844"}],"wp:attachment":[{"href":"https:\/\/corrientesdetarde.com\/index.php\/wp-json\/wp\/v2\/media?parent=64843"}],"wp:term":[{"taxonomy":"category","embeddable":true,"href":"https:\/\/corrientesdetarde.com\/index.php\/wp-json\/wp\/v2\/categories?post=64843"},{"taxonomy":"post_tag","embeddable":true,"href":"https:\/\/corrientesdetarde.com\/index.php\/wp-json\/wp\/v2\/tags?post=64843"}],"curies":[{"name":"wp","href":"https:\/\/api.w.org\/{rel}","templated":true}]}}