{"id":65097,"date":"2023-06-04T19:46:13","date_gmt":"2023-06-04T22:46:13","guid":{"rendered":"https:\/\/corrientesdetarde.com\/?p=65097"},"modified":"2023-06-04T19:46:17","modified_gmt":"2023-06-04T22:46:17","slug":"visita-de-precandidatos-presidenciales","status":"publish","type":"post","link":"https:\/\/corrientesdetarde.com\/index.php\/locales\/visita-de-precandidatos-presidenciales\/","title":{"rendered":"Visita de precandidatos presidenciales"},"content":{"rendered":"\n<p>Braillard Poccard: Corrientes se reposiciona a nivel regional y nacional<\/p>\n\n\n\n<p>El vicegobernador de la provincia Pedro Braillard Poccard, se refiri\u00f3 en medios de comunicacion locales y nacionales, a la importancia de Corrientes en el mapa pol\u00edtico federal, y su proyecci\u00f3n hacia un modelo productivo que agrega a la producci\u00f3n primaria, tecnolog\u00eda y gen\u00e9tica.<\/p>\n\n\n\n<p>La semana pasada tres precandidatos presidenciales visitaron la provincia. Con relaci\u00f3n a esto el vicegobernador destac\u00f3: &#8220;Creo que tiene una doble importancia, un detalle no menor es que vinieron antes de las elecciones. Es muy com\u00fan ver que cuando ha iniciado un proceso electoral en una provincia o en un municipio van referentes nacionales ese d\u00eda o esa noche. Ac\u00e1 han venido antes, lo cual significa una confianza importante&#8221;.<\/p>\n\n\n\n<figure class=\"wp-block-image size-large\"><img loading=\"lazy\" decoding=\"async\" width=\"1024\" height=\"683\" src=\"https:\/\/corrientesdetarde.com\/wp-content\/uploads\/2023\/06\/WhatsApp-Image-2023-06-04-at-18.52.47-1024x683.jpg\" alt=\"\" class=\"wp-image-65098\" srcset=\"https:\/\/corrientesdetarde.com\/wp-content\/uploads\/2023\/06\/WhatsApp-Image-2023-06-04-at-18.52.47-1024x683.jpg 1024w, https:\/\/corrientesdetarde.com\/wp-content\/uploads\/2023\/06\/WhatsApp-Image-2023-06-04-at-18.52.47-300x200.jpg 300w, https:\/\/corrientesdetarde.com\/wp-content\/uploads\/2023\/06\/WhatsApp-Image-2023-06-04-at-18.52.47-768x512.jpg 768w, https:\/\/corrientesdetarde.com\/wp-content\/uploads\/2023\/06\/WhatsApp-Image-2023-06-04-at-18.52.47-1536x1024.jpg 1536w, https:\/\/corrientesdetarde.com\/wp-content\/uploads\/2023\/06\/WhatsApp-Image-2023-06-04-at-18.52.47-272x182.jpg 272w, https:\/\/corrientesdetarde.com\/wp-content\/uploads\/2023\/06\/WhatsApp-Image-2023-06-04-at-18.52.47.jpg 1599w\" sizes=\"auto, (max-width: 1024px) 100vw, 1024px\" \/><\/figure>\n\n\n\n<p>Por otra parte consider\u00f3 que asumieron compromisos con la provincia en temas centrales para el desarrollo: &#8220;Los tres precandidatos, con una alta posibilidad de que alguno de ellos sea el futuro presidente de la naci\u00f3n, asumieron compromisos muy importantes y concretos con la provincia de Corrientes, m\u00e1s all\u00e1 del federalismo, ante reclamos concretos del gobernador, ll\u00e1mese: Yacyret\u00e1, ferrocarriles, mejoramiento de la estructura vial, puertos, puente, todo lo que Corrientes viene reclamando a la Naci\u00f3n desde hace tiempo, fue planteado por el gobernador a los tres candidatos y de parte de ellos hubo una promesa muy concreta y muy firme, lo cual tiene una importancia clave para nuestra provincia&#8221;.<\/p>\n\n\n\n<p>Consultado acerca de si esta visita tiene relaci\u00f3n con un reposicionamiento de la provincia, asever\u00f3: &#8220;Esto implica que hay un prestigio que la provincia ha logrado y que obviamente, lo tenemos que mantener en el resultado electoral del 11 de junio, pero venir antes y comprometerse eso nunca lo vi en mi extensa vida pol\u00edtica. Es m\u00e1s, con el jefe de gobierno de Buenos Aires fueron a ver la obra de la autopista que est\u00e1 abandonada. Con el gobernador Morales fue a visitar el emprendimiento de cannabis medicinal que en alguna medida est\u00e1 inspirado en un emprendimiento de Jujuy, y as\u00ed sucesivamente&#8221;.<\/p>\n\n\n\n<p>La inauguraci\u00f3n del Area de recuperaci\u00f3n cardiovascular pedi\u00e1trica en el Instituto de Cardiolog\u00eda de Corrientes, a la que asisti\u00f3 el Jefe de gobierno porte\u00f1o, Horacio Rodr\u00edguez Larreta, estim\u00f3 Braillard Poccard demuestra dos cosas: &#8220;Un instituto cardiovascular que es un ejemplo en Argentina, que se hizo con recursos provinciales y esto fue una pol\u00edtica de Estado para todos los gobiernos de la provincia. Yo fui ministro de salud y vi como fue creciendo ese servicio. La medicina es humanista, esto tiene que ver con evitar el desarraigo de los m\u00e1s chiquitos, muchas prestaciones que antes se hac\u00edan solamente en Buenos aires ahora se hacen en Corrientes&#8221;.<\/p>\n\n\n\n<p>Con relaci\u00f3n a qu\u00e9 se juega el 11 de junio en la elecci\u00f3n consider\u00f3: &#8221; Se juegan algunas cuestiones importantes: la continuidad en una gesti\u00f3n provincial y municipal que se est\u00e1n haciendo las cosas bien. Tanto la gesti\u00f3n provincial como municipal han mostrado que las cosas se est\u00e1n haciendo bien y ese respaldo va a ser muy importante para trabajar con tranquilidad y lo otro es que puede ser un anticipo muy importante a lo que puede venir como el proceso electoral nacional. Corrientes puede significar un primer paso muy importante para ir instalando el recambio que nosotros deseamos que se de en el orden nacional por el bien de Corrientes y de la Argentina&#8221;.<\/p>\n\n\n\n<p>\u00bfComo est\u00e1 trabajando El Partido Popular? &#8220;Estamos haciendo todo el esfuerzo que podemos y yo siempre resalto como trabajamos : nosotros arrancamos las actividades de impacto social, el 15 de enero de todos los a\u00f1os haya o no haya elecciones pero estamos siempre trabajando en la calle&#8221;.<\/p>\n\n\n\n<p>Con respecto a las cadidaturas del PP, Braillard destac\u00f3: &#8220;En esta oportunidad, llevamos un candidato a diputado que es var\u00f3n porque reemplazamos un diputado var\u00f3n, tenemos una diputada mujer en ejercicio de su mandato que es la diputada Rotela, pero tenemos una gran cantidad de candidatas mujeres a concejales en toda la provincia, referentes important\u00edsimas de la educaci\u00f3n, de la cultura, del servicio y estamos muy contentos que hayan tomado nuestra fuerza pol\u00edtica como v\u00eda para participar&#8221;.<\/p>\n\n\n\n<p>&#8220;Otra cosa que he notado, subray\u00f3, es que mucha gente, y eso lo percibo todos los d\u00edas, profesionales estudiantes, jubilados, que dicen no quiero seguir criticando sin meterse y se involucran en la pol\u00edtica y tambi\u00e9n el inter\u00e9s y la participaci\u00f3n de gente joven de 16 o 17 a\u00f1os. Voy precisamente a dar una charla en San Luis del Palmar al respecto. Hay voluntad de participar&#8221;.<\/p>\n\n\n\n<figure class=\"wp-block-image size-large\"><img loading=\"lazy\" decoding=\"async\" width=\"1024\" height=\"683\" src=\"https:\/\/corrientesdetarde.com\/wp-content\/uploads\/2023\/06\/WhatsApp-Image-2023-06-04-at-18.52.47-1-1024x683.jpg\" alt=\"\" class=\"wp-image-65099\" srcset=\"https:\/\/corrientesdetarde.com\/wp-content\/uploads\/2023\/06\/WhatsApp-Image-2023-06-04-at-18.52.47-1-1024x683.jpg 1024w, https:\/\/corrientesdetarde.com\/wp-content\/uploads\/2023\/06\/WhatsApp-Image-2023-06-04-at-18.52.47-1-300x200.jpg 300w, https:\/\/corrientesdetarde.com\/wp-content\/uploads\/2023\/06\/WhatsApp-Image-2023-06-04-at-18.52.47-1-768x512.jpg 768w, https:\/\/corrientesdetarde.com\/wp-content\/uploads\/2023\/06\/WhatsApp-Image-2023-06-04-at-18.52.47-1-1536x1024.jpg 1536w, https:\/\/corrientesdetarde.com\/wp-content\/uploads\/2023\/06\/WhatsApp-Image-2023-06-04-at-18.52.47-1-272x182.jpg 272w, https:\/\/corrientesdetarde.com\/wp-content\/uploads\/2023\/06\/WhatsApp-Image-2023-06-04-at-18.52.47-1.jpg 1599w\" sizes=\"auto, (max-width: 1024px) 100vw, 1024px\" \/><\/figure>\n\n\n\n<p>Sobre sus deseos para Corrientes consider\u00f3:&#8221;Yo aspiro a que Corrientes siga en el rumbo que est\u00e1 llevando delante, de una profunda transformaci\u00f3n de su matriz productiva. Estuve reunido con las personas que posiblemente sepan m\u00e1s de bosques en la Argentina y destacaban el perfil y la perspectiva que est\u00e1 adquiriendo Corrientes. Esa es la pol\u00edtica de industrializaci\u00f3n que se est\u00e1 llevando adelante con la foresto industria.<\/p>\n\n\n\n<p>O vamos al ejemplo de la ganader\u00eda: somos una provincia ganadera desde que nacimos. Posiblemente la estancia m\u00e1s antigua del pa\u00eds est\u00e1 en Concepci\u00f3n que es Rinc\u00f3n de luna que fue de los jesuitas en 1680 y pico y ahora tenemos gen\u00e9tica de la mejor calidad del mundo en braford y en brangus, en otras razas y tambi\u00e9n ganado lanar.<\/p>\n\n\n\n<p>En turismo: la calidad y el prestigio que adquiri\u00f3 Corrientes en materia de producci\u00f3n de naturaleza es \u00fanica. La calidad de los torneos de pesca nuestros que se caracterizan por la seriedad y por ser profundamente conservacionistas porque son torneos de pesca con devoluci\u00f3n. Todo eso va perfilando, m\u00e1s lo cultural, la m\u00fasica, el turismo religioso, los carnavales por supuesto.<\/p>\n\n\n\n<p>En materia productiva todos los proyectos nuevos, como consolidar la primera superficie del pa\u00eds de cultivos bajo cobertura pl\u00e1stica. La innovaci\u00f3n en productos como ar\u00e1ndanos, nuez pecan. Aspiramos a ser una cuenca limonera, tan importante como Tucum\u00e1n. Seguimos consolidando ser primer productor de arroz, pero Corrientes se est\u00e1 volviendo buena en 5 o 6 cosas, muy buenas y por eso hay que conciliar y reclamar lo que nos corresponde,<\/p>\n\n\n\n<p>Pongo un ejemplo importante la demanda que ha iniciado la provincia ante la Corte para reclamar la mala liquidaci\u00f3n de las regal\u00edas de Yacyret\u00e1 y Salto Grande, eso es reclamar lo que nos corresponde para que Naci\u00f3n nos compense siendo que Yacyret\u00e1, al estar en Corrientes, convierte a la provincia en una de las principales productoras energ\u00e9ticas del pa\u00eds que es un tema que nadie&nbsp;toma&nbsp;en&nbsp;cuenta&#8221;<\/p>\n","protected":false},"excerpt":{"rendered":"<p>Braillard Poccard: Corrientes se reposiciona a nivel regional y nacional El vicegobernador de la provincia Pedro Braillard Poccard, se refiri\u00f3 en medios de comunicacion locales y nacionales, a la importancia&hellip; <\/p>\n","protected":false},"author":1,"featured_media":65100,"comment_status":"closed","ping_status":"open","sticky":false,"template":"","format":"standard","meta":{"footnotes":""},"categories":[8],"tags":[],"class_list":["post-65097","post","type-post","status-publish","format-standard","has-post-thumbnail","hentry","category-locales"],"_links":{"self":[{"href":"https:\/\/corrientesdetarde.com\/index.php\/wp-json\/wp\/v2\/posts\/65097","targetHints":{"allow":["GET"]}}],"collection":[{"href":"https:\/\/corrientesdetarde.com\/index.php\/wp-json\/wp\/v2\/posts"}],"about":[{"href":"https:\/\/corrientesdetarde.com\/index.php\/wp-json\/wp\/v2\/types\/post"}],"author":[{"embeddable":true,"href":"https:\/\/corrientesdetarde.com\/index.php\/wp-json\/wp\/v2\/users\/1"}],"replies":[{"embeddable":true,"href":"https:\/\/corrientesdetarde.com\/index.php\/wp-json\/wp\/v2\/comments?post=65097"}],"version-history":[{"count":1,"href":"https:\/\/corrientesdetarde.com\/index.php\/wp-json\/wp\/v2\/posts\/65097\/revisions"}],"predecessor-version":[{"id":65101,"href":"https:\/\/corrientesdetarde.com\/index.php\/wp-json\/wp\/v2\/posts\/65097\/revisions\/65101"}],"wp:featuredmedia":[{"embeddable":true,"href":"https:\/\/corrientesdetarde.com\/index.php\/wp-json\/wp\/v2\/media\/65100"}],"wp:attachment":[{"href":"https:\/\/corrientesdetarde.com\/index.php\/wp-json\/wp\/v2\/media?parent=65097"}],"wp:term":[{"taxonomy":"category","embeddable":true,"href":"https:\/\/corrientesdetarde.com\/index.php\/wp-json\/wp\/v2\/categories?post=65097"},{"taxonomy":"post_tag","embeddable":true,"href":"https:\/\/corrientesdetarde.com\/index.php\/wp-json\/wp\/v2\/tags?post=65097"}],"curies":[{"name":"wp","href":"https:\/\/api.w.org\/{rel}","templated":true}]}}