{"id":65144,"date":"2023-06-04T21:57:18","date_gmt":"2023-06-05T00:57:18","guid":{"rendered":"https:\/\/corrientesdetarde.com\/?p=65144"},"modified":"2023-06-04T21:57:23","modified_gmt":"2023-06-05T00:57:23","slug":"suma-respaldos-la-propuesta-de-incorporar-mas-espacios-a-juntos-por-el-cambio","status":"publish","type":"post","link":"https:\/\/corrientesdetarde.com\/index.php\/politica\/suma-respaldos-la-propuesta-de-incorporar-mas-espacios-a-juntos-por-el-cambio\/","title":{"rendered":"Suma respaldos la propuesta de incorporar m\u00e1s espacios a Juntos por el Cambio."},"content":{"rendered":"\n<h2 class=\"wp-block-heading\">El l\u00edder de Evoluci\u00f3n se sum\u00f3 al titular de la UCR, Gerardo Morales, tras el comunicado de Horacio Rodr\u00edguez Larreta llamando a ampliar la coalici\u00f3n.<\/h2>\n\n\n\n<p>La propuesta de ampliar&nbsp;<strong>Juntos por el Cambio<\/strong>&nbsp;incorporando nuevos espacios, que impulsa un sector del PRO referenciado en&nbsp;<strong>Horacio Rodr\u00edguez Larreta<\/strong>, sum\u00f3 este domingo el apoyo de varios dirigentes de la coalici\u00f3n, entre ellos el del l\u00edder de Evoluci\u00f3n,&nbsp;<strong>Mart\u00edn Lousteau<\/strong>.<\/p>\n\n\n\n<p>El radical se mostr\u00f3 en sinton\u00eda con el titular de la UCR, el gobernador juje\u00f1o,<strong>\u00a0Gerardo Morales<\/strong>, que tambi\u00e9n se manifest\u00f3 a favor de la idea que gener\u00f3 un nuevo debate dentro de la alianza opositora, a meses de las pr\u00f3ximas elecciones.<\/p>\n\n\n\n<p>\u201cTenemos que ser capaces de construir un proyecto m\u00e1s grande. Juntos por el Cambio debe seguir ampli\u00e1ndose, como lo hemos hecho en el pasado con dirigentes como\u00a0<strong>Miguel \u00c1ngel Pichetto<\/strong>\u00a0o\u00a0<strong>Ricardo L\u00f3pez Murphy<\/strong>\u201d, opin\u00f3 el senador.<\/p>\n\n\n\n<p>A trav\u00e9s de un mensaje que public\u00f3 en su cuenta de Twitter, Lousteau consider\u00f3 que \u201chay que dejar de lado los egos y trabajar en acuerdos program\u00e1ticos, buscando consensos\u201d que le permitan a JxC \u201cgobernar mejor y hacer que los cambios que la Argentina necesita sean sustentables en el tiempo\u201d.<\/p>\n\n\n\n<p><img loading=\"lazy\" decoding=\"async\" height=\"336\" width=\"727\" srcset=\"https:\/\/www.infobae.com\/new-resizer\/SskvrsvAQnLhIUz24tDIO0qumvE=\/420x187\/filters:format(webp):quality(85)\/cloudfront-us-east-1.images.arcpublishing.com\/infobae\/5J3EQGMZP5EKPGRNADBYW5GGCQ.PNG 420w,https:\/\/www.infobae.com\/new-resizer\/Mtwy3eahWc0Wlab-iakNhOz4ATI=\/768x341\/filters:format(webp):quality(85)\/cloudfront-us-east-1.images.arcpublishing.com\/infobae\/5J3EQGMZP5EKPGRNADBYW5GGCQ.PNG 768w,https:\/\/www.infobae.com\/new-resizer\/xkhmaN1JK3wvny2D5vTcVB1wsQg=\/992x441\/filters:format(webp):quality(85)\/cloudfront-us-east-1.images.arcpublishing.com\/infobae\/5J3EQGMZP5EKPGRNADBYW5GGCQ.PNG 992w,https:\/\/www.infobae.com\/new-resizer\/TTdLmsdzchUqIOdsSwVX9ebaefQ=\/1200x533\/filters:format(webp):quality(85)\/cloudfront-us-east-1.images.arcpublishing.com\/infobae\/5J3EQGMZP5EKPGRNADBYW5GGCQ.PNG 1200w\" class=\"\" src=\"https:\/\/cloudfront-us-east-1.images.arcpublishing.com\/infobae\/5J3EQGMZP5EKPGRNADBYW5GGCQ.PNG\" alt=\"El mensaje del senador de Evoluci\u00f3n \"><\/p>\n\n\n\n<p>El mensaje del senador de Evoluci\u00f3n<\/p>\n\n\n\n<p>Todo comenz\u00f3 a partir de un comunicado que comparti\u00f3 en la misma red social el jefe de Gobierno de la Ciudad de Buenos Aires, en el que defendi\u00f3 las conversaciones que est\u00e1 manteniendo para acercarse a figuras como el liberal&nbsp;<strong>Jos\u00e9 Luis Espert<\/strong>&nbsp;y el mandatario cordob\u00e9s,&nbsp;<strong>Juan Schiaretti<\/strong>.<\/p>\n\n\n\n<p>\u201cEl cambio que necesitamos no es solo pol\u00edtico, es mucho m\u00e1s profundo. No es un tema de nombres. Es, como dije, total. Es un tema de&nbsp;<strong>visi\u00f3n<\/strong>, de entender que este sistema en el que vivimos no va m\u00e1s\u201d, argument\u00f3 Rodr\u00edguez Larreta.<\/p>\n\n\n\n<p>Uno de los primeros en reaccionar al texto fue&nbsp;<strong>Gerardo Morales<\/strong>, quien confirm\u00f3 su apoyo a esta iniciativa al considerar que avanzar con la creaci\u00f3n de una \u201cmayor amplitud\u201d es necesaria para \u201creconstruir la gobernabilidad\u201d.<\/p>\n\n\n\n<p>\u201cLa ampliaci\u00f3n de Juntos por el Cambio es el camino&nbsp;para reconstruir la gobernabilidad, resolver los problemas del conjunto de los argentinos, ordenar la vida cotidiana de la gente, estabilizar la econom\u00eda y garantizar el desarrollo del pa\u00eds con sentido federal\u201d, manifest\u00f3 Morales.<\/p>\n\n\n\n<p>Sin embargo, otros referentes de Juntos por el Cambio tambi\u00e9n respaldaron esta idea, como el diputado&nbsp;<strong>Waldo Wolff,<\/strong>&nbsp;quien tambi\u00e9n se pregunt\u00f3 por qu\u00e9 no se podr\u00eda sumar a esos dirigentes, como en otro momento se hizo con Pichetto, L\u00f3pez Murphy<strong>, Joaqu\u00edn de la Torre<\/strong>&nbsp;y<strong>&nbsp;Sebasti\u00e1n Garc\u00eda de Luca<\/strong>.<\/p>\n\n\n\n<p>\u201cSer el cambio es dejar de discutir la chiquita, dejar de discutir qui\u00e9n me conviene ahora y sumar a todos los que deseen hacerlo para que la transformaci\u00f3n tenga volumen. El test de pureza nos achica como espacio. Dejemos de discutir personas y salgamos a proponer ideas. Todos bienvenidos\u201d, coment\u00f3.<\/p>\n\n\n\n<p><img loading=\"lazy\" decoding=\"async\" height=\"417\" width=\"724\" srcset=\"https:\/\/www.infobae.com\/new-resizer\/gslpMJ326V0dcUGciXV4X71GBIs=\/992x606\/filters:format(webp):quality(85)\/cloudfront-us-east-1.images.arcpublishing.com\/infobae\/QSMQUYXAJFEPRNYSVZZOGIIYYM.PNG 992w\" class=\"\" src=\"https:\/\/cloudfront-us-east-1.images.arcpublishing.com\/infobae\/QSMQUYXAJFEPRNYSVZZOGIIYYM.PNG\" alt=\"La opini\u00f3n del diputado Waldo Wolff\"><\/p>\n\n\n\n<p>La opini\u00f3n del diputado Waldo Wolff<\/p>\n\n\n\n<p>En esta misma l\u00ednea, el secretario general del PRO,&nbsp;<strong>Eduardo Macchiavelli<\/strong>, sostuvo que ese \u201ces el camino para construir en serio la Argentina del futuro\u201d y un eventual acuerdo con Schiaretti \u201cno interfiere en nada\u201d con la candidatura en C\u00f3rdoba de&nbsp;<strong>Luis Juez&nbsp;<\/strong>y&nbsp;<strong>Rodrigo de Loredo<\/strong>.<\/p>\n\n\n\n<p>\u201cEstamos convencidos de que es la mejor propuesta para C\u00f3rdoba, como la de ampliar JxC es la mejor propuesta para todos los argentinos\u201d, remarc\u00f3.<\/p>\n\n\n\n<p>En tanto, el vicepresidente de la Legislatura porte\u00f1a,&nbsp;<strong>Emmanuel Ferrario<\/strong>, opin\u00f3 que se trata de \u201cuna responsabilidad\u201d la posibilidad de \u201clograr cambios profundos y duraderos en nuestro pa\u00eds\u201d y asegur\u00f3 que \u201cese es el pedido de los argentinos\u201d.<\/p>\n\n\n\n<p>\u201cEl camino para hacerlo no puede ser el mismo de siempre. Por eso, como dice Horacio Rodr\u00edguez Larreta, ahora tenemos que ser m\u00e1s. Seamos parte de esta nueva mayor\u00eda\u201d, agreg\u00f3.<\/p>\n\n\n\n<p><\/p>\n\n\n\n<p><em>Fuente: Infobae.<\/em><\/p>\n","protected":false},"excerpt":{"rendered":"<p>El l\u00edder de Evoluci\u00f3n se sum\u00f3 al titular de la UCR, Gerardo Morales, tras el comunicado de Horacio Rodr\u00edguez Larreta llamando a ampliar la coalici\u00f3n. La propuesta de ampliar&nbsp;Juntos por&hellip; <\/p>\n","protected":false},"author":6,"featured_media":65161,"comment_status":"closed","ping_status":"open","sticky":false,"template":"","format":"standard","meta":{"footnotes":""},"categories":[3],"tags":[],"class_list":["post-65144","post","type-post","status-publish","format-standard","has-post-thumbnail","hentry","category-politica"],"_links":{"self":[{"href":"https:\/\/corrientesdetarde.com\/index.php\/wp-json\/wp\/v2\/posts\/65144","targetHints":{"allow":["GET"]}}],"collection":[{"href":"https:\/\/corrientesdetarde.com\/index.php\/wp-json\/wp\/v2\/posts"}],"about":[{"href":"https:\/\/corrientesdetarde.com\/index.php\/wp-json\/wp\/v2\/types\/post"}],"author":[{"embeddable":true,"href":"https:\/\/corrientesdetarde.com\/index.php\/wp-json\/wp\/v2\/users\/6"}],"replies":[{"embeddable":true,"href":"https:\/\/corrientesdetarde.com\/index.php\/wp-json\/wp\/v2\/comments?post=65144"}],"version-history":[{"count":1,"href":"https:\/\/corrientesdetarde.com\/index.php\/wp-json\/wp\/v2\/posts\/65144\/revisions"}],"predecessor-version":[{"id":65162,"href":"https:\/\/corrientesdetarde.com\/index.php\/wp-json\/wp\/v2\/posts\/65144\/revisions\/65162"}],"wp:featuredmedia":[{"embeddable":true,"href":"https:\/\/corrientesdetarde.com\/index.php\/wp-json\/wp\/v2\/media\/65161"}],"wp:attachment":[{"href":"https:\/\/corrientesdetarde.com\/index.php\/wp-json\/wp\/v2\/media?parent=65144"}],"wp:term":[{"taxonomy":"category","embeddable":true,"href":"https:\/\/corrientesdetarde.com\/index.php\/wp-json\/wp\/v2\/categories?post=65144"},{"taxonomy":"post_tag","embeddable":true,"href":"https:\/\/corrientesdetarde.com\/index.php\/wp-json\/wp\/v2\/tags?post=65144"}],"curies":[{"name":"wp","href":"https:\/\/api.w.org\/{rel}","templated":true}]}}