{"id":65180,"date":"2023-06-05T08:37:58","date_gmt":"2023-06-05T11:37:58","guid":{"rendered":"https:\/\/corrientesdetarde.com\/?p=65180"},"modified":"2023-06-05T08:38:02","modified_gmt":"2023-06-05T11:38:02","slug":"valdes-felicito-al-flamante-campeon-mandiyu-y-entrego-los-trofeos-y-medallas-a-los-campeones-y-subcampeones-del-torneo-provincial-de-futbol","status":"publish","type":"post","link":"https:\/\/corrientesdetarde.com\/index.php\/deportes\/valdes-felicito-al-flamante-campeon-mandiyu-y-entrego-los-trofeos-y-medallas-a-los-campeones-y-subcampeones-del-torneo-provincial-de-futbol\/","title":{"rendered":"Vald\u00e9s felicit\u00f3 al flamante Campe\u00f3n Mandiy\u00fa y entreg\u00f3 los trofeos y medallas a los campeones y subcampeones del torneo provincial de f\u00fatbol"},"content":{"rendered":"\n<p>El gobernador Gustavo Vald\u00e9s entreg\u00f3 el trofeo y las medallas a los finalistas del Torneo Provincial de F\u00fatbol que consagr\u00f3 Campe\u00f3n al Club Deportivo Mandiy\u00fa que venci\u00f3 a San Lorenzo de Monte Caseros, tras el partido que se disput\u00f3 en la cancha del Club Boca Unidos de Corrientes con estadio lleno.<\/p>\n\n\n\n<figure class=\"wp-block-image size-large\"><img loading=\"lazy\" decoding=\"async\" width=\"1024\" height=\"682\" src=\"https:\/\/corrientesdetarde.com\/wp-content\/uploads\/2023\/06\/image-100-1024x682.png\" alt=\"\" class=\"wp-image-65194\" srcset=\"https:\/\/corrientesdetarde.com\/wp-content\/uploads\/2023\/06\/image-100-1024x682.png 1024w, https:\/\/corrientesdetarde.com\/wp-content\/uploads\/2023\/06\/image-100-300x200.png 300w, https:\/\/corrientesdetarde.com\/wp-content\/uploads\/2023\/06\/image-100-768x512.png 768w, https:\/\/corrientesdetarde.com\/wp-content\/uploads\/2023\/06\/image-100-272x182.png 272w, https:\/\/corrientesdetarde.com\/wp-content\/uploads\/2023\/06\/image-100.png 1280w\" sizes=\"auto, (max-width: 1024px) 100vw, 1024px\" \/><\/figure>\n\n\n\n<p>En la ocasi\u00f3n estuvo acompa\u00f1ado del vicegobernador Pedro Braillard Poccard; los intendentes de Corrientes y Monte Caseros, Eduardo Tassano y Juan Carlos Alvarez; el presidente del Club Deportivo Mandiy\u00fa, Jos\u00e9 Mar\u00eda Beibegder; el presidente de la Federaci\u00f3n Correntina de F\u00fatbol, Pablo Alonso y el secretario de Deportes, Jorge Terrile.<\/p>\n\n\n\n<p>El Mandatario felicit\u00f3 al campe\u00f3n provincial a trav\u00e9s de su cuenta oficial de Twitter expresando que este domingo es \u201cHist\u00f3rico! Con un estadio repleto, Deportivo Mandiy\u00fa le gan\u00f3 5 a 2 final a San Lorenzo de Montecaseros y se consagr\u00f3 campe\u00f3n provincial. Felicitaciones a todos los hinchas del albo\u201d.<\/p>\n\n\n\n<figure class=\"wp-block-image size-large\"><img loading=\"lazy\" decoding=\"async\" width=\"1024\" height=\"661\" src=\"https:\/\/corrientesdetarde.com\/wp-content\/uploads\/2023\/06\/image-101-1024x661.png\" alt=\"\" class=\"wp-image-65195\" srcset=\"https:\/\/corrientesdetarde.com\/wp-content\/uploads\/2023\/06\/image-101-1024x661.png 1024w, https:\/\/corrientesdetarde.com\/wp-content\/uploads\/2023\/06\/image-101-300x194.png 300w, https:\/\/corrientesdetarde.com\/wp-content\/uploads\/2023\/06\/image-101-768x496.png 768w, https:\/\/corrientesdetarde.com\/wp-content\/uploads\/2023\/06\/image-101.png 1280w\" sizes=\"auto, (max-width: 1024px) 100vw, 1024px\" \/><\/figure>\n","protected":false},"excerpt":{"rendered":"<p>El gobernador Gustavo Vald\u00e9s entreg\u00f3 el trofeo y las medallas a los finalistas del Torneo Provincial de F\u00fatbol que consagr\u00f3 Campe\u00f3n al Club Deportivo Mandiy\u00fa que venci\u00f3 a San Lorenzo&hellip; <\/p>\n","protected":false},"author":1,"featured_media":65196,"comment_status":"closed","ping_status":"open","sticky":false,"template":"","format":"standard","meta":{"footnotes":""},"categories":[4,8],"tags":[],"class_list":["post-65180","post","type-post","status-publish","format-standard","has-post-thumbnail","hentry","category-deportes","category-locales"],"_links":{"self":[{"href":"https:\/\/corrientesdetarde.com\/index.php\/wp-json\/wp\/v2\/posts\/65180","targetHints":{"allow":["GET"]}}],"collection":[{"href":"https:\/\/corrientesdetarde.com\/index.php\/wp-json\/wp\/v2\/posts"}],"about":[{"href":"https:\/\/corrientesdetarde.com\/index.php\/wp-json\/wp\/v2\/types\/post"}],"author":[{"embeddable":true,"href":"https:\/\/corrientesdetarde.com\/index.php\/wp-json\/wp\/v2\/users\/1"}],"replies":[{"embeddable":true,"href":"https:\/\/corrientesdetarde.com\/index.php\/wp-json\/wp\/v2\/comments?post=65180"}],"version-history":[{"count":1,"href":"https:\/\/corrientesdetarde.com\/index.php\/wp-json\/wp\/v2\/posts\/65180\/revisions"}],"predecessor-version":[{"id":65197,"href":"https:\/\/corrientesdetarde.com\/index.php\/wp-json\/wp\/v2\/posts\/65180\/revisions\/65197"}],"wp:featuredmedia":[{"embeddable":true,"href":"https:\/\/corrientesdetarde.com\/index.php\/wp-json\/wp\/v2\/media\/65196"}],"wp:attachment":[{"href":"https:\/\/corrientesdetarde.com\/index.php\/wp-json\/wp\/v2\/media?parent=65180"}],"wp:term":[{"taxonomy":"category","embeddable":true,"href":"https:\/\/corrientesdetarde.com\/index.php\/wp-json\/wp\/v2\/categories?post=65180"},{"taxonomy":"post_tag","embeddable":true,"href":"https:\/\/corrientesdetarde.com\/index.php\/wp-json\/wp\/v2\/tags?post=65180"}],"curies":[{"name":"wp","href":"https:\/\/api.w.org\/{rel}","templated":true}]}}