{"id":65181,"date":"2023-06-05T08:35:37","date_gmt":"2023-06-05T11:35:37","guid":{"rendered":"https:\/\/corrientesdetarde.com\/?p=65181"},"modified":"2023-06-05T08:35:50","modified_gmt":"2023-06-05T11:35:50","slug":"valdes-visitara-este-lunes-curuzu-cuatia-y-colonia-libertad","status":"publish","type":"post","link":"https:\/\/corrientesdetarde.com\/index.php\/politica\/valdes-visitara-este-lunes-curuzu-cuatia-y-colonia-libertad\/","title":{"rendered":"Vald\u00e9s visitar\u00e1 este lunes Curuz\u00fa Cuati\u00e1 y Colonia Libertad"},"content":{"rendered":"\n<p>El gobernador Gustavo Vald\u00e9s iniciar\u00e1 este lunes una nueva semana viajando al interior correntino. De esta manera, llegar\u00e1 espec\u00edficamente a Curuz\u00fa Cuati\u00e1 y Colonia Libertad, donde encabezar\u00e1 actividades del \u00e1mbito educativo.<\/p>\n\n\n\n<p>En primer lugar, est\u00e1 previsto que a las 9.30 horas asista a la entrega de notebooks del Programa Incluir Futuro, en el Colegio Secundario &#8220;Manuel Belgrano&#8221; de la ciudad de Curuz\u00fa. Mientras que a las 11.30, inaugurar\u00e1 el nuevo edificio del Colegio Secundario &#8220;Del MERCOSUR&#8221; en la localidad de Colonia Libertad, donde tambi\u00e9n estudiantes recibir\u00e1n notebooks del mencionado Programa provincial.<\/p>\n","protected":false},"excerpt":{"rendered":"<p>El gobernador Gustavo Vald\u00e9s iniciar\u00e1 este lunes una nueva semana viajando al interior correntino. De esta manera, llegar\u00e1 espec\u00edficamente a Curuz\u00fa Cuati\u00e1 y Colonia Libertad, donde encabezar\u00e1 actividades del \u00e1mbito&hellip; <\/p>\n","protected":false},"author":1,"featured_media":65192,"comment_status":"closed","ping_status":"open","sticky":false,"template":"","format":"standard","meta":{"footnotes":""},"categories":[22,3],"tags":[],"class_list":["post-65181","post","type-post","status-publish","format-standard","has-post-thumbnail","hentry","category-eventos","category-politica"],"_links":{"self":[{"href":"https:\/\/corrientesdetarde.com\/index.php\/wp-json\/wp\/v2\/posts\/65181","targetHints":{"allow":["GET"]}}],"collection":[{"href":"https:\/\/corrientesdetarde.com\/index.php\/wp-json\/wp\/v2\/posts"}],"about":[{"href":"https:\/\/corrientesdetarde.com\/index.php\/wp-json\/wp\/v2\/types\/post"}],"author":[{"embeddable":true,"href":"https:\/\/corrientesdetarde.com\/index.php\/wp-json\/wp\/v2\/users\/1"}],"replies":[{"embeddable":true,"href":"https:\/\/corrientesdetarde.com\/index.php\/wp-json\/wp\/v2\/comments?post=65181"}],"version-history":[{"count":1,"href":"https:\/\/corrientesdetarde.com\/index.php\/wp-json\/wp\/v2\/posts\/65181\/revisions"}],"predecessor-version":[{"id":65193,"href":"https:\/\/corrientesdetarde.com\/index.php\/wp-json\/wp\/v2\/posts\/65181\/revisions\/65193"}],"wp:featuredmedia":[{"embeddable":true,"href":"https:\/\/corrientesdetarde.com\/index.php\/wp-json\/wp\/v2\/media\/65192"}],"wp:attachment":[{"href":"https:\/\/corrientesdetarde.com\/index.php\/wp-json\/wp\/v2\/media?parent=65181"}],"wp:term":[{"taxonomy":"category","embeddable":true,"href":"https:\/\/corrientesdetarde.com\/index.php\/wp-json\/wp\/v2\/categories?post=65181"},{"taxonomy":"post_tag","embeddable":true,"href":"https:\/\/corrientesdetarde.com\/index.php\/wp-json\/wp\/v2\/tags?post=65181"}],"curies":[{"name":"wp","href":"https:\/\/api.w.org\/{rel}","templated":true}]}}