{"id":65182,"date":"2023-06-05T08:31:53","date_gmt":"2023-06-05T11:31:53","guid":{"rendered":"https:\/\/corrientesdetarde.com\/?p=65182"},"modified":"2023-06-05T08:31:59","modified_gmt":"2023-06-05T11:31:59","slug":"mujeres-chamameceras-debatieron-e-inundaroncon-sus-melodias-el-parque-camba-cua","status":"publish","type":"post","link":"https:\/\/corrientesdetarde.com\/index.php\/sociales\/mujeres-chamameceras-debatieron-e-inundaroncon-sus-melodias-el-parque-camba-cua\/","title":{"rendered":"<strong>Mujeres chamameceras debatieron e inundaron<br>con sus melod\u00edas el parque Camb\u00e1 Cu\u00e1<\/strong>"},"content":{"rendered":"\n<p><em>El s\u00e1bado el Centro Cultural Adolfo Mors fue sede del Encuentro de Mujeres Chamameceras. En la oportunidad se realizaron disertaciones sobre Ley de Cupo Femenino y el rol de la mujer en la m\u00fasica chamamecera. Hoy, en tanto, tiene lugar el 2\u00b0 Festival Nacional e Internacional de Chamam\u00e9 de las Mujeres.<\/em><\/p>\n\n\n\n<figure class=\"wp-block-embed is-type-video is-provider-youtube wp-block-embed-youtube wp-embed-aspect-16-9 wp-has-aspect-ratio\"><div class=\"wp-block-embed__wrapper\">\n<iframe loading=\"lazy\" title=\"Mujeres chamameceras debatieron e inundaron con sus melod\u00edas el parque Camb\u00e1 Cu\u00e1\" width=\"1110\" height=\"624\" src=\"https:\/\/www.youtube.com\/embed\/02bjIQkVDZo?feature=oembed\" frameborder=\"0\" allow=\"accelerometer; autoplay; clipboard-write; encrypted-media; gyroscope; picture-in-picture; web-share\" allowfullscreen><\/iframe>\n<\/div><\/figure>\n\n\n\n<p>Este fin de semana, se lleva adelante en la capital correntina un evento en el que las mujeres musiqueras se hicieron escuchar. Organizado por el Instituto de Cultura de la Provincia de Corrientes, la Municipalidad de la ciudad de Corrientes, la Fundaci\u00f3n Dorado, el Movimiento Chamam\u00e9 Ku\u00f1a y el Instituto Nacional de la M\u00fasica (INAMU), se brindaron disertaciones con m\u00fasica en vivo, y hoy habr\u00e1 un gran festival en el parque Camb\u00e1 Cu\u00e1.<br><br>El s\u00e1bado, desde las 19, en el Centro Cultural Adolfo Mors (Pellegrini 542) se llev\u00f3 adelante el Encuentro de Mujeres Chamameceras. En la oportunidad se realizaron disertaciones sobre Ley de Cupo Femenino y el rol de la mujer en la m\u00fasica chamamecera, a cargo de la vicepresidenta del Instituto Nacional de la M\u00fasica (INAMU), Charo Bogar\u00edn.<br><br>Hoy, en tanto, tiene lugar el 2\u00b0 Festival Nacional e Internacional de Chamam\u00e9 de las Mujeres en el parque Camba Cu\u00e1. Desde las 16 actuar\u00e1n: Silvina Escalante; desde Mburucuy\u00e1 con un invitado especial: Gustavo Miqueri; Mariana M\u00e1rquez desde Brasil; de Corrientes\u00a0\u00a0Ana Paula Romero y Vicky S\u00e1nchez; Dalma Ferreira\u00a0\u00a0y Melissa Hicks desde Paraguay; Chamameceras\u00a0\u00a0desde Mercedes; Patricia G\u00f3mez\u00a0\u00a0de Santa Fe; Bianca Almir\u00f3n desde Chaco; el Litoral Ballet; el Ballet &#8220;Paran\u00e1&#8221; by Pirelli junto a Mainumby y la Orquesta Chamam\u00e9 Ku\u00f1\u00e1 con invitados especiales: Marcos y Marcelo Roselli (Los Alonsitos) y Nicol\u00e1s y Julio C\u00e1ceres (Los de Imaguar\u00e9).<\/p>\n\n\n\n<figure class=\"wp-block-image size-large\"><img loading=\"lazy\" decoding=\"async\" width=\"1024\" height=\"682\" src=\"https:\/\/corrientesdetarde.com\/wp-content\/uploads\/2023\/06\/image-97-1024x682.png\" alt=\"\" class=\"wp-image-65187\" srcset=\"https:\/\/corrientesdetarde.com\/wp-content\/uploads\/2023\/06\/image-97-1024x682.png 1024w, https:\/\/corrientesdetarde.com\/wp-content\/uploads\/2023\/06\/image-97-300x200.png 300w, https:\/\/corrientesdetarde.com\/wp-content\/uploads\/2023\/06\/image-97-768x512.png 768w, https:\/\/corrientesdetarde.com\/wp-content\/uploads\/2023\/06\/image-97-272x182.png 272w, https:\/\/corrientesdetarde.com\/wp-content\/uploads\/2023\/06\/image-97.png 1280w\" sizes=\"auto, (max-width: 1024px) 100vw, 1024px\" \/><\/figure>\n\n\n\n<p><br><br>La vicepresidenta del INAMU, Charo Bogar\u00edn, abord\u00f3 el proceso de implementaci\u00f3n de la Ley N\u00b0 27.539, de Cupo Femenino y acceso de artistas mujeres y diversidades en eventos musicales y su aplicaci\u00f3n en la actualidad.<br><br>El subsecretario de Desarrollo y Producci\u00f3n Cultural, Federico Maceri, rescat\u00f3 sobre este tipo de eventos que es un avance, un mejoramiento en los entornos sociales y econ\u00f3micos \u201crespecto del rol que debe tener y est\u00e1n empezando a ganar correspondidamente las mujeres, en este caso, en el ambiente musical art\u00edstico y de trabajadores culturales, pero esto debe expandirse y diseminarse a todos los ambientes, sin dudas que esto significa un avance para las pol\u00edticas culturales y socio comunitarias de la ciudad\u201d.<br><br>Por su parte, Charo Bogar\u00edn explic\u00f3 que la disertaci\u00f3n sirvi\u00f3 para hablar de una herramienta de pol\u00edtica p\u00fablica de g\u00e9nero que es la ley de cupo. \u201cEl INAMU se encarga del contralor de que, en todos los puntos del pa\u00eds, los programadores y programadoras de eventos cumplan con el m\u00ednimo del 30% de mujeres y diversidades en su grilla musical, en eventos p\u00fablicos privados con fines de lucro o sin fines de lucro, y me parece muy necesario porque es en los municipios es donde hay que reforzar esta Ley\u201d.<\/p>\n\n\n\n<figure class=\"wp-block-image size-large\"><img loading=\"lazy\" decoding=\"async\" width=\"1024\" height=\"682\" src=\"https:\/\/corrientesdetarde.com\/wp-content\/uploads\/2023\/06\/image-98-1024x682.png\" alt=\"\" class=\"wp-image-65188\" srcset=\"https:\/\/corrientesdetarde.com\/wp-content\/uploads\/2023\/06\/image-98-1024x682.png 1024w, https:\/\/corrientesdetarde.com\/wp-content\/uploads\/2023\/06\/image-98-300x200.png 300w, https:\/\/corrientesdetarde.com\/wp-content\/uploads\/2023\/06\/image-98-768x512.png 768w, https:\/\/corrientesdetarde.com\/wp-content\/uploads\/2023\/06\/image-98-272x182.png 272w, https:\/\/corrientesdetarde.com\/wp-content\/uploads\/2023\/06\/image-98.png 1280w\" sizes=\"auto, (max-width: 1024px) 100vw, 1024px\" \/><\/figure>\n\n\n\n<p><br><br>Destac\u00f3 su benepl\u00e1cito porque esta iniciativa haya sido apoyada por el Municipio de Corrientes, dado que: \u201cnuestro norte debe estar fuerte en esta pol\u00edtica p\u00fablica, fuerte en dar un ejemplo a las dem\u00e1s provincias, a las dem\u00e1s regiones y sobre todo contar con mucha participaci\u00f3n porque las defensoras tenemos que ser nosotras, justamente mujeres cantoras y diversidades\u201d, se\u00f1al\u00f3.\u00a0<\/p>\n\n\n\n<figure class=\"wp-block-image size-large\"><img loading=\"lazy\" decoding=\"async\" width=\"1024\" height=\"682\" src=\"https:\/\/corrientesdetarde.com\/wp-content\/uploads\/2023\/06\/image-99-1024x682.png\" alt=\"\" class=\"wp-image-65189\" srcset=\"https:\/\/corrientesdetarde.com\/wp-content\/uploads\/2023\/06\/image-99-1024x682.png 1024w, https:\/\/corrientesdetarde.com\/wp-content\/uploads\/2023\/06\/image-99-300x200.png 300w, https:\/\/corrientesdetarde.com\/wp-content\/uploads\/2023\/06\/image-99-768x512.png 768w, https:\/\/corrientesdetarde.com\/wp-content\/uploads\/2023\/06\/image-99-272x182.png 272w, https:\/\/corrientesdetarde.com\/wp-content\/uploads\/2023\/06\/image-99.png 1280w\" sizes=\"auto, (max-width: 1024px) 100vw, 1024px\" \/><\/figure>\n","protected":false},"excerpt":{"rendered":"<p>El s\u00e1bado el Centro Cultural Adolfo Mors fue sede del Encuentro de Mujeres Chamameceras. En la oportunidad se realizaron disertaciones sobre Ley de Cupo Femenino y el rol de la&hellip; <\/p>\n","protected":false},"author":1,"featured_media":65190,"comment_status":"closed","ping_status":"open","sticky":false,"template":"","format":"standard","meta":{"footnotes":""},"categories":[22,17],"tags":[],"class_list":["post-65182","post","type-post","status-publish","format-standard","has-post-thumbnail","hentry","category-eventos","category-sociales"],"_links":{"self":[{"href":"https:\/\/corrientesdetarde.com\/index.php\/wp-json\/wp\/v2\/posts\/65182","targetHints":{"allow":["GET"]}}],"collection":[{"href":"https:\/\/corrientesdetarde.com\/index.php\/wp-json\/wp\/v2\/posts"}],"about":[{"href":"https:\/\/corrientesdetarde.com\/index.php\/wp-json\/wp\/v2\/types\/post"}],"author":[{"embeddable":true,"href":"https:\/\/corrientesdetarde.com\/index.php\/wp-json\/wp\/v2\/users\/1"}],"replies":[{"embeddable":true,"href":"https:\/\/corrientesdetarde.com\/index.php\/wp-json\/wp\/v2\/comments?post=65182"}],"version-history":[{"count":1,"href":"https:\/\/corrientesdetarde.com\/index.php\/wp-json\/wp\/v2\/posts\/65182\/revisions"}],"predecessor-version":[{"id":65191,"href":"https:\/\/corrientesdetarde.com\/index.php\/wp-json\/wp\/v2\/posts\/65182\/revisions\/65191"}],"wp:featuredmedia":[{"embeddable":true,"href":"https:\/\/corrientesdetarde.com\/index.php\/wp-json\/wp\/v2\/media\/65190"}],"wp:attachment":[{"href":"https:\/\/corrientesdetarde.com\/index.php\/wp-json\/wp\/v2\/media?parent=65182"}],"wp:term":[{"taxonomy":"category","embeddable":true,"href":"https:\/\/corrientesdetarde.com\/index.php\/wp-json\/wp\/v2\/categories?post=65182"},{"taxonomy":"post_tag","embeddable":true,"href":"https:\/\/corrientesdetarde.com\/index.php\/wp-json\/wp\/v2\/tags?post=65182"}],"curies":[{"name":"wp","href":"https:\/\/api.w.org\/{rel}","templated":true}]}}