{"id":65198,"date":"2023-06-05T08:51:37","date_gmt":"2023-06-05T11:51:37","guid":{"rendered":"https:\/\/corrientesdetarde.com\/?p=65198"},"modified":"2023-06-05T08:51:59","modified_gmt":"2023-06-05T11:51:59","slug":"baja-el-precio-de-las-naranjas-y-se-repone-el-stock-en-corrientes","status":"publish","type":"post","link":"https:\/\/corrientesdetarde.com\/index.php\/economia\/baja-el-precio-de-las-naranjas-y-se-repone-el-stock-en-corrientes\/","title":{"rendered":"Baja el precio de las naranjas y se repone el stock en Corrientes"},"content":{"rendered":"\n<p>Luego de un inicio de a\u00f1o marcado por la escasez y los elevados precios de una de las frutas m\u00e1s consumidas en el mercado interno, los valores comenzaron a estabilizarse desde hace dos semanas debido al ingreso de la producci\u00f3n local. Una muy buena noticia para los consumidores que encuentran en la vitamina C del c\u00edtrico una buena opci\u00f3n para fortalecer el sistema inmunitario ante la llegada del invierno el pr\u00f3ximo 21 de junio.<\/p>\n\n\n\n<p>En las \u00faltimas semanas de mayo, el costo de la docena cay\u00f3 hasta un 67% en la ciudad de Corrientes. Vale recordar que esta cantidad comenz\u00f3 el 2023 a un promedio de $600 y lleg\u00f3 a principios de abril a $1.200.<\/p>\n\n\n\n<p>En una recorrida que se realiz\u00f3 por verduler\u00edas y supermercados del centro-sur de la ciudad, encontr\u00f3 la docena de naranjas a valores entre $400 y $450. Una tendencia que se evidenci\u00f3 m\u00e1s all\u00e1 de la provincia.<\/p>\n\n\n\n<p>El secretario de la Asociaci\u00f3n de Citricultores de Bella Vista, \u00d3scar Barbera, analiz\u00f3 los cambios en una entrevista. &#8220;El abastecimiento de naranjas se est\u00e1 normalizando ya que su escasez se deb\u00eda un tema estacional. Hay plantas de naranjas m\u00e1s tard\u00edas en su maduraci\u00f3n que est\u00e1n abasteciendo el mercado. Quiz\u00e1s la producci\u00f3n no est\u00e1 dentro de los promedios normales, sobre todo por la sequ\u00eda, pero es suficiente para que bajen los precios&#8221;, explic\u00f3.<\/p>\n\n\n\n<p>El referente citr\u00edcola y especialista en el cultivo de limones, estim\u00f3 que el abastecimiento se mantendr\u00e1 hasta septiembre u octubre. De esta forma, los consumidores correntinos tendr\u00edan asegurada una fuente de vitamina C, en el per\u00edodo de temperaturas m\u00e1s bajas. &#8220;El grueso de la producci\u00f3n est\u00e1 saliendo del sur de la provincia, en Bella Vista hay pocos productores que cuentan con stock&#8221;, acot\u00f3.<\/p>\n\n\n\n<p>Una variedad que por el momento sigue ingresando del exterior son las de tipo &#8220;ombligo&#8221;, ideales para jugo. De igual manera, estas se pueden encontrar por kilo a $410 en supermercados pese a provenir de pa\u00edses como Espa\u00f1a.<\/p>\n\n\n\n<p>El descenso en los valores del kilo se not\u00f3 en otras provincias como Chaco, donde oscilaba entre $500 y $600 hacia finales de mayo. Mientras que en Mendoza en la actualidad se puede conseguir hasta dos kilos por $600.<\/p>\n\n\n\n<p>Desde la Uni\u00f3n Frutihort\u00edcola Argentina aseguraron, en un reportaje a Mendoza Online, que los c\u00edtricos del norte argentino &#8220;est\u00e1n en plena producci\u00f3n&#8221;. Hamlin, Pineapple, Robertson, y Navel son algunas de las primeras variedades en salir desde el noroeste argentino.<\/p>\n\n\n\n<h2 class=\"wp-block-heading\">Ventas caen 2,8%<\/h2>\n\n\n\n<p>Las ventas minoristas PYME tuvieron una retracci\u00f3n de 2,8% en mayo frente a igual mes del a\u00f1o pasado, medidas a precios constantes. De esta manera, cumplen cinco meses en baja y adem\u00e1s es el mayor descenso del 2023, inform\u00f3 ayer la Confederaci\u00f3n Argentina de la Mediana Empresa.<\/p>\n\n\n\n<p>El \u00fanico rubro con crecimiento anual en mayo fue Farmacias (+6,4%), y entre los ramos en baja, el de mayor retracci\u00f3n fue Indumentaria (-8,2%). El relevamiento se hizo en 1.207 comercios minoristas entre el 1 y 3 de junio.<\/p>\n","protected":false},"excerpt":{"rendered":"<p>Luego de un inicio de a\u00f1o marcado por la escasez y los elevados precios de una de las frutas m\u00e1s consumidas en el mercado interno, los valores comenzaron a estabilizarse&hellip; <\/p>\n","protected":false},"author":1,"featured_media":65202,"comment_status":"closed","ping_status":"open","sticky":false,"template":"","format":"standard","meta":{"footnotes":""},"categories":[20],"tags":[],"class_list":["post-65198","post","type-post","status-publish","format-standard","has-post-thumbnail","hentry","category-economia"],"_links":{"self":[{"href":"https:\/\/corrientesdetarde.com\/index.php\/wp-json\/wp\/v2\/posts\/65198","targetHints":{"allow":["GET"]}}],"collection":[{"href":"https:\/\/corrientesdetarde.com\/index.php\/wp-json\/wp\/v2\/posts"}],"about":[{"href":"https:\/\/corrientesdetarde.com\/index.php\/wp-json\/wp\/v2\/types\/post"}],"author":[{"embeddable":true,"href":"https:\/\/corrientesdetarde.com\/index.php\/wp-json\/wp\/v2\/users\/1"}],"replies":[{"embeddable":true,"href":"https:\/\/corrientesdetarde.com\/index.php\/wp-json\/wp\/v2\/comments?post=65198"}],"version-history":[{"count":1,"href":"https:\/\/corrientesdetarde.com\/index.php\/wp-json\/wp\/v2\/posts\/65198\/revisions"}],"predecessor-version":[{"id":65203,"href":"https:\/\/corrientesdetarde.com\/index.php\/wp-json\/wp\/v2\/posts\/65198\/revisions\/65203"}],"wp:featuredmedia":[{"embeddable":true,"href":"https:\/\/corrientesdetarde.com\/index.php\/wp-json\/wp\/v2\/media\/65202"}],"wp:attachment":[{"href":"https:\/\/corrientesdetarde.com\/index.php\/wp-json\/wp\/v2\/media?parent=65198"}],"wp:term":[{"taxonomy":"category","embeddable":true,"href":"https:\/\/corrientesdetarde.com\/index.php\/wp-json\/wp\/v2\/categories?post=65198"},{"taxonomy":"post_tag","embeddable":true,"href":"https:\/\/corrientesdetarde.com\/index.php\/wp-json\/wp\/v2\/tags?post=65198"}],"curies":[{"name":"wp","href":"https:\/\/api.w.org\/{rel}","templated":true}]}}