{"id":65201,"date":"2023-06-05T08:53:56","date_gmt":"2023-06-05T11:53:56","guid":{"rendered":"https:\/\/corrientesdetarde.com\/?p=65201"},"modified":"2023-06-05T08:54:00","modified_gmt":"2023-06-05T11:54:00","slug":"se-habilito-el-transito-en-puente-que-une-dos-localidades-de-corrientes","status":"publish","type":"post","link":"https:\/\/corrientesdetarde.com\/index.php\/informacion-general\/se-habilito-el-transito-en-puente-que-une-dos-localidades-de-corrientes\/","title":{"rendered":"Se habilit\u00f3 el tr\u00e1nsito en puente que une dos localidades de Corrientes"},"content":{"rendered":"\n<p>El Distrito N\u00b010 de Vialidad Nacional inform\u00f3 que, en la obra de recuperaci\u00f3n del puente sobre el R\u00edo Corriente (RN 12 km 714), en el Paso Santa Rosa cerca de Esquina, completaron el &#8220;descenso del tablero isost\u00e1tico&#8221; (tramo de hormig\u00f3n de unos 22 metros), luego de reconstruir los apoyos que estaban da\u00f1ados.<\/p>\n\n\n\n<p>El organismo vial comunic\u00f3 que &#8220;este lunes 1 y martes 2 de mayo la empresa a cargo de la obra trabaja en el retiro de la estructura met\u00e1lica que fueron utilizadas en la obra y pondr\u00e1 en \u00f3ptimas condiciones de seguridad la calzada del puente&#8221;.&nbsp;<\/p>\n","protected":false},"excerpt":{"rendered":"<p>El Distrito N\u00b010 de Vialidad Nacional inform\u00f3 que, en la obra de recuperaci\u00f3n del puente sobre el R\u00edo Corriente (RN 12 km 714), en el Paso Santa Rosa cerca de&hellip; <\/p>\n","protected":false},"author":1,"featured_media":65204,"comment_status":"closed","ping_status":"open","sticky":false,"template":"","format":"standard","meta":{"footnotes":""},"categories":[1],"tags":[],"class_list":["post-65201","post","type-post","status-publish","format-standard","has-post-thumbnail","hentry","category-informacion-general"],"_links":{"self":[{"href":"https:\/\/corrientesdetarde.com\/index.php\/wp-json\/wp\/v2\/posts\/65201","targetHints":{"allow":["GET"]}}],"collection":[{"href":"https:\/\/corrientesdetarde.com\/index.php\/wp-json\/wp\/v2\/posts"}],"about":[{"href":"https:\/\/corrientesdetarde.com\/index.php\/wp-json\/wp\/v2\/types\/post"}],"author":[{"embeddable":true,"href":"https:\/\/corrientesdetarde.com\/index.php\/wp-json\/wp\/v2\/users\/1"}],"replies":[{"embeddable":true,"href":"https:\/\/corrientesdetarde.com\/index.php\/wp-json\/wp\/v2\/comments?post=65201"}],"version-history":[{"count":1,"href":"https:\/\/corrientesdetarde.com\/index.php\/wp-json\/wp\/v2\/posts\/65201\/revisions"}],"predecessor-version":[{"id":65205,"href":"https:\/\/corrientesdetarde.com\/index.php\/wp-json\/wp\/v2\/posts\/65201\/revisions\/65205"}],"wp:featuredmedia":[{"embeddable":true,"href":"https:\/\/corrientesdetarde.com\/index.php\/wp-json\/wp\/v2\/media\/65204"}],"wp:attachment":[{"href":"https:\/\/corrientesdetarde.com\/index.php\/wp-json\/wp\/v2\/media?parent=65201"}],"wp:term":[{"taxonomy":"category","embeddable":true,"href":"https:\/\/corrientesdetarde.com\/index.php\/wp-json\/wp\/v2\/categories?post=65201"},{"taxonomy":"post_tag","embeddable":true,"href":"https:\/\/corrientesdetarde.com\/index.php\/wp-json\/wp\/v2\/tags?post=65201"}],"curies":[{"name":"wp","href":"https:\/\/api.w.org\/{rel}","templated":true}]}}