{"id":65231,"date":"2023-06-05T11:48:37","date_gmt":"2023-06-05T14:48:37","guid":{"rendered":"https:\/\/corrientesdetarde.com\/?p=65231"},"modified":"2023-06-05T11:48:40","modified_gmt":"2023-06-05T14:48:40","slug":"avanza-la-logistica-de-cara-a-las-elecciones-provinciales","status":"publish","type":"post","link":"https:\/\/corrientesdetarde.com\/index.php\/informacion-general\/avanza-la-logistica-de-cara-a-las-elecciones-provinciales\/","title":{"rendered":"Avanza la log\u00edstica de cara a las elecciones provinciales"},"content":{"rendered":"\n<p>La carga de las boletas en las urnas prevista en el C\u00f3digo Electoral Provincial, conforme la gu\u00eda de ruta remitida por el Correo Argentino, se realizar\u00e1 este mi\u00e9rcoles a partir de las 8. Involucrar\u00e1 los municipios correspondientes a la l\u00ednea del 1 al 5. Esto incluye comunas como Curuz\u00fa Cuati\u00e1, Sauce, Santo Tom\u00e9, Garruchos, Alvear, La Cruz, Gobernador Virasoro, San Carlos, Colonia Liebig, Ituzaing\u00f3, It\u00e1 Ibat\u00e9, entre otras.<\/p>\n\n\n\n<p>El jueves ser\u00e1 el turno de la l\u00ednea 6 a 10, que comprende varias \u00e1reas del interior tales como Bella Vista, Santa Luc\u00eda, Goya, Esquina, Empedrado, San Lorenzo, Saladas, Mburucuy\u00e1, Concepci\u00f3n, Ca\u00e1 Cat\u00ed, San Miguel, Loreto, San Cosme, Paso de la Patria, entre otras localidades.<\/p>\n\n\n\n<p>El viernes, a partir de las 8, en tanto, se realizar\u00e1 la carga de la l\u00ednea 11 a 97, que abarca Capital; y las escuelas de otras localidades y parajes cercanos. El operativo central se realizar\u00e1 en las instalaciones del ex Regimiento N\u00b09 en la ciudad de Corrientes, por avenida 3 de Abril, casi costanera, seg\u00fan inform\u00f3 oficialmente la Junta Electoral de la Provincia.<\/p>\n\n\n\n<p>Por otra parte, el presidente de la Junta Electoral Provincial, Gustavo S\u00e1nchez Mari\u00f1o, confirm\u00f3 que ayer ya estuvo trabajando un grupo de agentes en la carga de boletas, bolsines y \u00fatiles; como as\u00ed otros elementos que deben colocarse en las urnas. A su vez, coment\u00f3, en declaraciones a Radio Sudamericana, que en el d\u00eda de las elecciones, &#8220;el ausentismo de autoridades de mesa es muy bajo&#8221;. Y, quienes tienen designaci\u00f3n, en caso de ausencia, responden en tiempo y forma.<\/p>\n\n\n\n<p>S\u00e1nchez Mari\u00f1o, al mismo tiempo, expres\u00f3 que &#8220;el sue\u00f1o es tener un edificio propio&#8221; donde desarrollar el recuento oficial de votos. Actualmente se realiza en la Legislatura provincial.<\/p>\n\n\n<div class=\"wp-block-image\">\n<figure class=\"aligncenter size-full\"><img loading=\"lazy\" decoding=\"async\" width=\"450\" height=\"253\" src=\"https:\/\/corrientesdetarde.com\/wp-content\/uploads\/2023\/06\/image-108.png\" alt=\"\" class=\"wp-image-65244\" srcset=\"https:\/\/corrientesdetarde.com\/wp-content\/uploads\/2023\/06\/image-108.png 450w, https:\/\/corrientesdetarde.com\/wp-content\/uploads\/2023\/06\/image-108-300x169.png 300w\" sizes=\"auto, (max-width: 450px) 100vw, 450px\" \/><\/figure>\n<\/div>","protected":false},"excerpt":{"rendered":"<p>La carga de las boletas en las urnas prevista en el C\u00f3digo Electoral Provincial, conforme la gu\u00eda de ruta remitida por el Correo Argentino, se realizar\u00e1 este mi\u00e9rcoles a partir&hellip; <\/p>\n","protected":false},"author":1,"featured_media":65243,"comment_status":"closed","ping_status":"open","sticky":false,"template":"","format":"standard","meta":{"footnotes":""},"categories":[1],"tags":[],"class_list":["post-65231","post","type-post","status-publish","format-standard","has-post-thumbnail","hentry","category-informacion-general"],"_links":{"self":[{"href":"https:\/\/corrientesdetarde.com\/index.php\/wp-json\/wp\/v2\/posts\/65231","targetHints":{"allow":["GET"]}}],"collection":[{"href":"https:\/\/corrientesdetarde.com\/index.php\/wp-json\/wp\/v2\/posts"}],"about":[{"href":"https:\/\/corrientesdetarde.com\/index.php\/wp-json\/wp\/v2\/types\/post"}],"author":[{"embeddable":true,"href":"https:\/\/corrientesdetarde.com\/index.php\/wp-json\/wp\/v2\/users\/1"}],"replies":[{"embeddable":true,"href":"https:\/\/corrientesdetarde.com\/index.php\/wp-json\/wp\/v2\/comments?post=65231"}],"version-history":[{"count":1,"href":"https:\/\/corrientesdetarde.com\/index.php\/wp-json\/wp\/v2\/posts\/65231\/revisions"}],"predecessor-version":[{"id":65245,"href":"https:\/\/corrientesdetarde.com\/index.php\/wp-json\/wp\/v2\/posts\/65231\/revisions\/65245"}],"wp:featuredmedia":[{"embeddable":true,"href":"https:\/\/corrientesdetarde.com\/index.php\/wp-json\/wp\/v2\/media\/65243"}],"wp:attachment":[{"href":"https:\/\/corrientesdetarde.com\/index.php\/wp-json\/wp\/v2\/media?parent=65231"}],"wp:term":[{"taxonomy":"category","embeddable":true,"href":"https:\/\/corrientesdetarde.com\/index.php\/wp-json\/wp\/v2\/categories?post=65231"},{"taxonomy":"post_tag","embeddable":true,"href":"https:\/\/corrientesdetarde.com\/index.php\/wp-json\/wp\/v2\/tags?post=65231"}],"curies":[{"name":"wp","href":"https:\/\/api.w.org\/{rel}","templated":true}]}}