{"id":65233,"date":"2023-06-05T10:48:56","date_gmt":"2023-06-05T13:48:56","guid":{"rendered":"https:\/\/corrientesdetarde.com\/?p=65233"},"modified":"2023-06-05T10:49:01","modified_gmt":"2023-06-05T13:49:01","slug":"verstappen-firmo-su-quinta-victoria-del-ano-en-montmelo","status":"publish","type":"post","link":"https:\/\/corrientesdetarde.com\/index.php\/deportes\/verstappen-firmo-su-quinta-victoria-del-ano-en-montmelo\/","title":{"rendered":"Verstappen firm\u00f3 su quinta victoria del a\u00f1o en Montmel\u00f3"},"content":{"rendered":"\n<p>El bicampe\u00f3n titular y l\u00edder de la F\u00f3rmula 1, Max Verstappen (Red Bull), logr\u00f3 hoy su quinta victoria de la temporada, tras imponerse en el Gran Premio de Espa\u00f1a que se disput\u00f3 en el aut\u00f3dromo catal\u00e1n de Montmel\u00f3, por la octava fecha.<\/p>\n\n\n\n<p>El piloto neerland\u00e9s obtuvo la victoria de punta a punta tras partir desde la pole position y tuvo como escoltas a los pilotos brit\u00e1nicos de la escuder\u00eda Mercedes: Lewis Hamilton y George Russell.<\/p>\n\n\n\n<p>La coronaci\u00f3n del campe\u00f3n mundial nunca estuvo en riesgo gracias a su impecable andar como hace una semana en M\u00f3naco. En Catalu\u00f1a volvi\u00f3 a demostrar que atraviesa un excelente momento al mando de su monoplaza de Red Bull, que condujo a la victoria de principio a fin 66 vueltas al circuito espa\u00f1ol.<\/p>\n\n\n\n<figure class=\"wp-block-embed aligncenter is-type-rich is-provider-twitter wp-block-embed-twitter\"><div class=\"wp-block-embed__wrapper\">\n<blockquote class=\"twitter-tweet\" data-width=\"550\" data-dnt=\"true\"><p lang=\"es\" dir=\"ltr\">VERSTAPPEN A UNA VICTORIA DE &quot;O&#39;REI&quot; \ud83e\udd2f<br><br>Luego de llevarse el primer lugar del Gran Premio de Espa\u00f1a, Max Verstappen se posiciona a una sola victoria de igualar a Ayrton Senna y entrar en el Top5 de pilotos con m\u00e1s victorias en la F\u00f3rmula 1. <a href=\"https:\/\/t.co\/wJFcYwoaa2\">pic.twitter.com\/wJFcYwoaa2<\/a><\/p>&mdash; DIARIO R\u00c9CORD (@record_mexico) <a href=\"https:\/\/twitter.com\/record_mexico\/status\/1665371639763066880?ref_src=twsrc%5Etfw\">June 4, 2023<\/a><\/blockquote><script async src=\"https:\/\/platform.twitter.com\/widgets.js\" charset=\"utf-8\"><\/script>\n<\/div><\/figure>\n\n\n\n<p>Verstappen, con 170 puntos acumulados, ampli\u00f3 su ventaja en el Mundial 2023, que ahora es de 53 sobre su compa\u00f1ero de equipo, el mexicano Sergio &#8220;Checo&#8221; P\u00e9rez, due\u00f1o de un meritorio cuarto puesto tras salir desde el pen\u00faltimo lugar de la grilla.<\/p>\n\n\n\n<p>La escuder\u00eda Mercedes concret\u00f3 la mejor carrera del a\u00f1o con sus dos pilotos en el podio. Hamilton, s\u00e9ptuple campe\u00f3n del mundo, repiti\u00f3 el resultado conseguido en Australia, por la tercera fecha, y Russell se meti\u00f3 entre los tres mejores de un GP por primera vez en la temporada.<\/p>\n\n\n\n<figure class=\"wp-block-embed aligncenter is-type-rich is-provider-twitter wp-block-embed-twitter\"><div class=\"wp-block-embed__wrapper\">\n<blockquote class=\"twitter-tweet\" data-width=\"550\" data-dnt=\"true\"><p lang=\"es\" dir=\"ltr\">\u00a1EST\u00c1 IMPERDIBLE LA <a href=\"https:\/\/twitter.com\/hashtag\/F1?src=hash&amp;ref_src=twsrc%5Etfw\">#F1<\/a>!<br><br>As\u00ed quedaron las clasificaciones de pilotos y de marcas luego del <a href=\"https:\/\/twitter.com\/hashtag\/SpanishGP?src=hash&amp;ref_src=twsrc%5Etfw\">#SpanishGP<\/a>.<br><br>\u25b6\ufe0f No te pierdas la \ud83c\udfce\ufe0f <a href=\"https:\/\/twitter.com\/hashtag\/F%C3%B3rmula1?src=hash&amp;ref_src=twsrc%5Etfw\">#F\u00f3rmula1<\/a> en <a href=\"https:\/\/twitter.com\/hashtag\/StarPlusLA?src=hash&amp;ref_src=twsrc%5Etfw\">#StarPlusLA<\/a> <a href=\"https:\/\/t.co\/vp9pOooLhv\">pic.twitter.com\/vp9pOooLhv<\/a><\/p>&mdash; ESPN Colombia (@ESPNColombia) <a href=\"https:\/\/twitter.com\/ESPNColombia\/status\/1665460316228952065?ref_src=twsrc%5Etfw\">June 4, 2023<\/a><\/blockquote><script async src=\"https:\/\/platform.twitter.com\/widgets.js\" charset=\"utf-8\"><\/script>\n<\/div><\/figure>\n\n\n\n<p>El espa\u00f1ol Carlos Sainz (Ferrari) no pudo mantener el segundo lugar con el que hab\u00eda largado y lleg\u00f3 en el quinto lugar por delante de Lance Stroll y de Fernando Alonso, ambos de Aston Martin.<\/p>\n\n\n\n<p>En el octavo lugar se ubic\u00f3 el franc\u00e9s Esteban Ocon (Alpine), noveno lleg\u00f3 el chino Guanyu Zhou (Alfa Romeo) y el d\u00e9cimo lugar, que cerr\u00f3 la zona de puntuaci\u00f3n, lo ocup\u00f3 el franc\u00e9s Pierre Gasly (Alpine).<\/p>\n\n\n\n<figure class=\"wp-block-embed is-type-rich is-provider-twitter wp-block-embed-twitter\"><div class=\"wp-block-embed__wrapper\">\n<blockquote class=\"twitter-tweet\" data-width=\"550\" data-dnt=\"true\"><p lang=\"es\" dir=\"ltr\">Verstappen igual\u00f3 a Vettel con 3 temporadas seguidas logrando el famoso &quot;Grand Slam&quot; en la <a href=\"https:\/\/twitter.com\/hashtag\/F1?src=hash&amp;ref_src=twsrc%5Etfw\">#F1<\/a>. <a href=\"https:\/\/t.co\/APKDs7b4q3\">pic.twitter.com\/APKDs7b4q3<\/a><\/p>&mdash; SportsCenter (@SC_ESPN) <a href=\"https:\/\/twitter.com\/SC_ESPN\/status\/1665375788336545792?ref_src=twsrc%5Etfw\">June 4, 2023<\/a><\/blockquote><script async src=\"https:\/\/platform.twitter.com\/widgets.js\" charset=\"utf-8\"><\/script>\n<\/div><\/figure>\n\n\n\n<p>Fuera de ella se ordenaron el monesgasco Charles Leclerc (Ferrari), el japon\u00e9s Yuki Tsunoda (AlphaTauri), el australiano Oscar Piastri (McLaren), el neerland\u00e9s Nyck de Vries (AlphaTauri), el alem\u00e1n Nico Hulkenberg (Haas), el tailand\u00e9s Alexander Albon (Williams), el brit\u00e1nico Lando Norris (McLaren), el dan\u00e9s Kevin Magnussen (Haas), el finland\u00e9s Valtteri Bottas (Alfa Romeo) y el estadounidense Logan Sargeant (Williams).<\/p>\n\n\n\n<figure class=\"wp-block-embed is-type-rich is-provider-twitter wp-block-embed-twitter\"><div class=\"wp-block-embed__wrapper\">\n<blockquote class=\"twitter-tweet\" data-width=\"550\" data-dnt=\"true\"><p lang=\"es\" dir=\"ltr\">\u00a1NICKI NICOLE FAN\u00c1TICA DE LA <a href=\"https:\/\/twitter.com\/hashtag\/F1?src=hash&amp;ref_src=twsrc%5Etfw\">#F1<\/a>! La cantante argentina se encuentra en el <a href=\"https:\/\/twitter.com\/hashtag\/SpanishGP?src=hash&amp;ref_src=twsrc%5Etfw\">#SpanishGP<\/a> y cont\u00f3 c\u00f3mo surgi\u00f3, desde qu\u00e9 era ni\u00f1a, su inter\u00e9s por las carreras de F\u00f3rmula 1.<br><br>\ud83d\udcfa Mir\u00e1 la <a href=\"https:\/\/twitter.com\/hashtag\/F1?src=hash&amp;ref_src=twsrc%5Etfw\">#F1<\/a> por <a href=\"https:\/\/twitter.com\/hashtag\/StarPlusLA?src=hash&amp;ref_src=twsrc%5Etfw\">#StarPlusLA<\/a><a href=\"https:\/\/t.co\/Gq4zy5QPMi\">pic.twitter.com\/Gq4zy5QPMi<\/a><\/p>&mdash; ESPN Argentina (@ESPNArgentina) <a href=\"https:\/\/twitter.com\/ESPNArgentina\/status\/1665338158232346625?ref_src=twsrc%5Etfw\">June 4, 2023<\/a><\/blockquote><script async src=\"https:\/\/platform.twitter.com\/widgets.js\" charset=\"utf-8\"><\/script>\n<\/div><\/figure>\n\n\n\n<p>La pr\u00f3xima carrera de F1 ser\u00e1 el Gran Premio de Canad\u00e1, el domingo 18 de junio en el Circuito Internacional Jacques Villeneuve de Montreal.<\/p>\n","protected":false},"excerpt":{"rendered":"<p>El bicampe\u00f3n titular y l\u00edder de la F\u00f3rmula 1, Max Verstappen (Red Bull), logr\u00f3 hoy su quinta victoria de la temporada, tras imponerse en el Gran Premio de Espa\u00f1a que&hellip; <\/p>\n","protected":false},"author":1,"featured_media":65236,"comment_status":"closed","ping_status":"open","sticky":false,"template":"","format":"standard","meta":{"footnotes":""},"categories":[4],"tags":[],"class_list":["post-65233","post","type-post","status-publish","format-standard","has-post-thumbnail","hentry","category-deportes"],"_links":{"self":[{"href":"https:\/\/corrientesdetarde.com\/index.php\/wp-json\/wp\/v2\/posts\/65233","targetHints":{"allow":["GET"]}}],"collection":[{"href":"https:\/\/corrientesdetarde.com\/index.php\/wp-json\/wp\/v2\/posts"}],"about":[{"href":"https:\/\/corrientesdetarde.com\/index.php\/wp-json\/wp\/v2\/types\/post"}],"author":[{"embeddable":true,"href":"https:\/\/corrientesdetarde.com\/index.php\/wp-json\/wp\/v2\/users\/1"}],"replies":[{"embeddable":true,"href":"https:\/\/corrientesdetarde.com\/index.php\/wp-json\/wp\/v2\/comments?post=65233"}],"version-history":[{"count":1,"href":"https:\/\/corrientesdetarde.com\/index.php\/wp-json\/wp\/v2\/posts\/65233\/revisions"}],"predecessor-version":[{"id":65237,"href":"https:\/\/corrientesdetarde.com\/index.php\/wp-json\/wp\/v2\/posts\/65233\/revisions\/65237"}],"wp:featuredmedia":[{"embeddable":true,"href":"https:\/\/corrientesdetarde.com\/index.php\/wp-json\/wp\/v2\/media\/65236"}],"wp:attachment":[{"href":"https:\/\/corrientesdetarde.com\/index.php\/wp-json\/wp\/v2\/media?parent=65233"}],"wp:term":[{"taxonomy":"category","embeddable":true,"href":"https:\/\/corrientesdetarde.com\/index.php\/wp-json\/wp\/v2\/categories?post=65233"},{"taxonomy":"post_tag","embeddable":true,"href":"https:\/\/corrientesdetarde.com\/index.php\/wp-json\/wp\/v2\/tags?post=65233"}],"curies":[{"name":"wp","href":"https:\/\/api.w.org\/{rel}","templated":true}]}}