{"id":65246,"date":"2023-06-05T11:51:30","date_gmt":"2023-06-05T14:51:30","guid":{"rendered":"https:\/\/corrientesdetarde.com\/?p=65246"},"modified":"2023-06-05T11:51:34","modified_gmt":"2023-06-05T14:51:34","slug":"jesica-cirio-hablo-de-la-continuidad-de-la-pena-de-morfi-nos-estan-difamando","status":"publish","type":"post","link":"https:\/\/corrientesdetarde.com\/index.php\/espectaculos\/jesica-cirio-hablo-de-la-continuidad-de-la-pena-de-morfi-nos-estan-difamando\/","title":{"rendered":"J\u00e9sica Cirio habl\u00f3 de la continuidad de La Pe\u00f1a de Morfi: &#8220;Nos est\u00e1n difamando&#8230;&#8221;"},"content":{"rendered":"\n<p>Durante los \u00faltimos d\u00edas aparecieron diferentes rumores sobre la continuidad de La Pe\u00f1a de Morfi en la pantalla de Telefe. A ra\u00edz de esto, este domingo, J\u00e9sica Cirio aprovech\u00f3 para aclarar la situaci\u00f3n.<br>Durante la emisi\u00f3n, el cocinero Santiago Giorgini se tom\u00f3 unos minutos para aclarar que no va a dejar La Pe\u00f1a de Morfi por incorporarse a un nuevo programa en el canal.<br>&nbsp;<br>&nbsp;&#8220;Quiero desmentir categ\u00f3ricamente y totalmente que me voy de La Pe\u00f1a de Morfi, de ninguna manera. Soy como el socio fundador y no ve voy a ning\u00fan lado. Sigue la carnicer\u00eda, siguen los muchachos\u2026me quedo en La Pe\u00f1a&#8221;, expres\u00f3.<\/p>\n\n\n\n<p>Y aclar\u00f3: &#8220;\u00bfVoy a hacer otro programa en Telefe? Si, se\u00f1ora ya lo voy a contar. Los periodistas serios me llamaron para chequear la informaci\u00f3n y no publicaron nada&#8221;.<\/p>\n\n\n\n<figure class=\"wp-block-embed is-type-rich is-provider-twitter wp-block-embed-twitter\"><div class=\"wp-block-embed__wrapper\">\n<blockquote class=\"twitter-tweet\" data-width=\"550\" data-dnt=\"true\"><p lang=\"es\" dir=\"ltr\">Jesica Cirio enojada con el rumor que terminaba <a href=\"https:\/\/twitter.com\/hashtag\/LaPe%C3%B1aDeMorfi?src=hash&amp;ref_src=twsrc%5Etfw\">#LaPe\u00f1aDeMorfi<\/a> <a href=\"https:\/\/t.co\/oWGRK8GWOo\">pic.twitter.com\/oWGRK8GWOo<\/a><\/p>&mdash; Ptc Recargado Rating (@PtcRecargado) <a href=\"https:\/\/twitter.com\/PtcRecargado\/status\/1665429194019405825?ref_src=twsrc%5Etfw\">June 4, 2023<\/a><\/blockquote><script async src=\"https:\/\/platform.twitter.com\/widgets.js\" charset=\"utf-8\"><\/script>\n<\/div><\/figure>\n\n\n\n<p>Despu\u00e9s de esto, J\u00e9sica Cirio se acerc\u00f3 hasta el cocinero y se sum\u00f3 al descargo, comenzando por expresar: &#8220;No solo que no te vas, sino que La Pe\u00f1a no termina, porque nos est\u00e1n difamando en varios medios que terminamos. Se\u00f1ores no compren eso, esas noticias que no son reales&#8221;.<\/p>\n\n\n\n<p>Por otro lado, la conductora de La Pe\u00f1a de Morfi se\u00f1al\u00f3: &#8220;Hacemos el programa con mucho esfuerzo, nadie se va. No entiendo por qu\u00e9 esta difamaci\u00f3n hacia nuestro programa. La mala energ\u00eda y mala onda no nos llega, estamos ac\u00e1 haciendo un programa en vivo&#8221;.<\/p>\n","protected":false},"excerpt":{"rendered":"<p>Durante los \u00faltimos d\u00edas aparecieron diferentes rumores sobre la continuidad de La Pe\u00f1a de Morfi en la pantalla de Telefe. A ra\u00edz de esto, este domingo, J\u00e9sica Cirio aprovech\u00f3 para&hellip; <\/p>\n","protected":false},"author":1,"featured_media":65249,"comment_status":"closed","ping_status":"open","sticky":false,"template":"","format":"standard","meta":{"footnotes":""},"categories":[19],"tags":[],"class_list":["post-65246","post","type-post","status-publish","format-standard","has-post-thumbnail","hentry","category-espectaculos"],"_links":{"self":[{"href":"https:\/\/corrientesdetarde.com\/index.php\/wp-json\/wp\/v2\/posts\/65246","targetHints":{"allow":["GET"]}}],"collection":[{"href":"https:\/\/corrientesdetarde.com\/index.php\/wp-json\/wp\/v2\/posts"}],"about":[{"href":"https:\/\/corrientesdetarde.com\/index.php\/wp-json\/wp\/v2\/types\/post"}],"author":[{"embeddable":true,"href":"https:\/\/corrientesdetarde.com\/index.php\/wp-json\/wp\/v2\/users\/1"}],"replies":[{"embeddable":true,"href":"https:\/\/corrientesdetarde.com\/index.php\/wp-json\/wp\/v2\/comments?post=65246"}],"version-history":[{"count":1,"href":"https:\/\/corrientesdetarde.com\/index.php\/wp-json\/wp\/v2\/posts\/65246\/revisions"}],"predecessor-version":[{"id":65250,"href":"https:\/\/corrientesdetarde.com\/index.php\/wp-json\/wp\/v2\/posts\/65246\/revisions\/65250"}],"wp:featuredmedia":[{"embeddable":true,"href":"https:\/\/corrientesdetarde.com\/index.php\/wp-json\/wp\/v2\/media\/65249"}],"wp:attachment":[{"href":"https:\/\/corrientesdetarde.com\/index.php\/wp-json\/wp\/v2\/media?parent=65246"}],"wp:term":[{"taxonomy":"category","embeddable":true,"href":"https:\/\/corrientesdetarde.com\/index.php\/wp-json\/wp\/v2\/categories?post=65246"},{"taxonomy":"post_tag","embeddable":true,"href":"https:\/\/corrientesdetarde.com\/index.php\/wp-json\/wp\/v2\/tags?post=65246"}],"curies":[{"name":"wp","href":"https:\/\/api.w.org\/{rel}","templated":true}]}}