{"id":65247,"date":"2023-06-05T11:58:51","date_gmt":"2023-06-05T14:58:51","guid":{"rendered":"https:\/\/corrientesdetarde.com\/?p=65247"},"modified":"2023-06-05T11:58:55","modified_gmt":"2023-06-05T14:58:55","slug":"valdes-entrego-655-notebooks-a-estudiantes-de-curuzu-cuatia-y-cazadores-correntinos-reduciendo-la-brecha-educativa","status":"publish","type":"post","link":"https:\/\/corrientesdetarde.com\/index.php\/sociales\/valdes-entrego-655-notebooks-a-estudiantes-de-curuzu-cuatia-y-cazadores-correntinos-reduciendo-la-brecha-educativa\/","title":{"rendered":"Vald\u00e9s entreg\u00f3 655 notebooks a estudiantes de Curuz\u00fa Cuati\u00e1 y Cazadores Correntinos, reduciendo &#8220;la brecha educativa&#8221;"},"content":{"rendered":"\n<p>Con el objetivo de fortalecer la igualdad educativa a trav\u00e9s de la tecnolog\u00eda digital, el gobernador Gustavo Vald\u00e9s, junto al intendente Jos\u00e9 Irigoyen, entreg\u00f3 este lunes en Curuz\u00fa Cuati\u00e1, 655 notebooks del programa \u201cIncluir Futuro\u201d, en un acto desarrollado en el Colegio Secundario \u201cManuel Belgrano\u201d de dicha ciudad del sur provincial.<\/p>\n\n\n\n<p>En la oportunidad, adem\u00e1s de los establecimientos secundarios locales, tambi\u00e9n recibieron las computadoras alumnos de escuelas rurales y agrot\u00e9cnicas de los parajes Baibiene y Arroyo Portillo y del municipio de Cazadores Correntinos, totalizando 9 instituciones.<\/p>\n\n\n\n<p>Vald\u00e9s destac\u00f3 la inversi\u00f3n en tecnolog\u00eda para que \u201chaya m\u00e1s soberan\u00eda educativa\u201d y que los alumnos puedan acceder a una \u201cherramienta indispensable para adquirir m\u00e1s conocimientos\u201d.<\/p>\n\n\n\n<p>Asimismo, durante el acto, el Mandatario rubric\u00f3 convenios para la ejecuci\u00f3n de obras de infraestructura para la comunidad: 10 cuadras de cord\u00f3n cuneta en el barrio Mar\u00eda Auxiliadora y 6 de pavimento en la calle Tarrag\u00f3 Ros, con fondos propios del erario provincial.<\/p>\n\n\n\n<p>Respecto a las netbooks, con estas nuevas computadoras los docentes y alumnos acceden a todos los contenidos de \u201cEduca Play\u201d, el programa de formaci\u00f3n digital disponible en la plataforma \u201cCorrientes Play\u201d que desarroll\u00f3 el Gobierno Provincial para complementar el proceso de ense\u00f1anza-aprendizaje de las aulas.<\/p>\n\n\n\n<figure class=\"wp-block-image size-large\"><img loading=\"lazy\" decoding=\"async\" width=\"1024\" height=\"683\" src=\"https:\/\/corrientesdetarde.com\/wp-content\/uploads\/2023\/06\/image-109-1024x683.png\" alt=\"\" class=\"wp-image-65253\" srcset=\"https:\/\/corrientesdetarde.com\/wp-content\/uploads\/2023\/06\/image-109-1024x683.png 1024w, https:\/\/corrientesdetarde.com\/wp-content\/uploads\/2023\/06\/image-109-300x200.png 300w, https:\/\/corrientesdetarde.com\/wp-content\/uploads\/2023\/06\/image-109-768x512.png 768w, https:\/\/corrientesdetarde.com\/wp-content\/uploads\/2023\/06\/image-109-1536x1024.png 1536w, https:\/\/corrientesdetarde.com\/wp-content\/uploads\/2023\/06\/image-109-272x182.png 272w, https:\/\/corrientesdetarde.com\/wp-content\/uploads\/2023\/06\/image-109.png 1599w\" sizes=\"auto, (max-width: 1024px) 100vw, 1024px\" \/><\/figure>\n\n\n\n<p>As\u00ed, se busca reducir brecha digital, apuntando a una mejor educaci\u00f3n p\u00fablica y gratuita, generando inclusi\u00f3n y m\u00e1s oportunidades entre los j\u00f3venes. Con tecnolog\u00eda, plataformas y conectividad, se fortalece el desarrollo educativo y cada computadora, destinada a alumnos del nivel secundario de toda la provincia es una llave que abre las puertas del conocimiento, el progreso personal y el cambio social.<\/p>\n\n\n\n<p><strong>Gobernador Vald\u00e9s<\/strong><\/p>\n\n\n\n<p>\u201cTenemos que revolucionar necesariamente a la educaci\u00f3n, ya que el mundo se basa en la conectividad\u201d, inici\u00f3 su alocuci\u00f3n el gobernador, en el marco de la entrega de notebooks del programa \u201cIncluir Futuro\u201d.<\/p>\n\n\n\n<p>El mandatario consider\u00f3 que desde la Provincia \u201cdebemos facilitar que la tecnolog\u00eda llegue a todos los lugares con esta metodolog\u00eda de ense\u00f1anza\u201d, en referencia, adem\u00e1s, a las plataformas digitales de Educa Play y Corrientes Play.<\/p>\n\n\n\n<p>Asimismo, sostuvo que este tipo de gestiones \u201ciguala la brecha educativa\u201d, ya que el mismo contenido digital es compartido en los colegios de la ciudad o de las zonas rurales.&nbsp;<\/p>\n\n\n\n<p>En este sentido, el titular del Ejecutivo destac\u00f3 que \u201cuna persona que sabe programar una computadora, luego, en el mercado laboral internacional y digital, puede cobrar entre 6mil y 8mil d\u00f3lares mensuales\u201d, remarcando la importancia de poder ingresar a la secundaria, tener un dispositivo y la posibilidad de que, en el tiempo, \u201crevolucionemos el conocimiento\u201d, a partir de aprender a programar.<\/p>\n\n\n\n<p>Para finalizar, Vald\u00e9s detall\u00f3 que este tipo de programas que se lleva adelante, \u201ces un caso \u00fanico en la Rep\u00fablica argentina, ya que no hay otra provincia que est\u00e9 haciendo lo que estamos haciendo por nuestros chicos\u201d.<\/p>\n\n\n\n<figure class=\"wp-block-image size-large\"><img loading=\"lazy\" decoding=\"async\" width=\"1024\" height=\"682\" src=\"https:\/\/corrientesdetarde.com\/wp-content\/uploads\/2023\/06\/image-110-1024x682.png\" alt=\"\" class=\"wp-image-65254\" srcset=\"https:\/\/corrientesdetarde.com\/wp-content\/uploads\/2023\/06\/image-110-1024x682.png 1024w, https:\/\/corrientesdetarde.com\/wp-content\/uploads\/2023\/06\/image-110-300x200.png 300w, https:\/\/corrientesdetarde.com\/wp-content\/uploads\/2023\/06\/image-110-768x511.png 768w, https:\/\/corrientesdetarde.com\/wp-content\/uploads\/2023\/06\/image-110-1536x1022.png 1536w, https:\/\/corrientesdetarde.com\/wp-content\/uploads\/2023\/06\/image-110-272x182.png 272w, https:\/\/corrientesdetarde.com\/wp-content\/uploads\/2023\/06\/image-110.png 2048w\" sizes=\"auto, (max-width: 1024px) 100vw, 1024px\" \/><\/figure>\n\n\n\n<p><strong>Pr\u00e1xedes L\u00f3pez<\/strong><\/p>\n\n\n\n<p>\u201cEstamos recorriendo la provincia para todos los alumnos tengan acceso a una computadora y, fundamentalmente, a los contenidos que venimos desarrollando desde el Ministerio\u201d, expres\u00f3 Pr\u00e1xedes L\u00f3pez, en el transcurso del acto.<\/p>\n\n\n\n<p>La ministra continu\u00f3 diciendo que este programa busca que, a trav\u00e9s de plataformas como EducaPlay, \u201cnos podamos apropiar de la historia y geograf\u00eda de Corrientes\u201d.<\/p>\n\n\n\n<p>\u201cSostengamos con fuerza esa educaci\u00f3n secundaria que es el \u00fanico lugar igualador\u201d, concluy\u00f3.<\/p>\n\n\n\n<p><strong>Intendente Irigoyen<\/strong><\/p>\n\n\n\n<p>A su turno, el intendente de Curuz\u00fa Cuati\u00e1, Jos\u00e9 Irigoyen destac\u00f3 la importancia de contar con los dispositivos que proveen tecnolog\u00eda para los alumnos y los inst\u00f3 a estos a \u201ctener responsabilidad y compromiso con el cuidado de las notebooks\u201d ya que \u201cestos elementos van a mejorar su educaci\u00f3n\u201d.<\/p>\n\n\n\n<p>\u201cEstamos depositando el futuro en ustedes\u201d, sostuvo el jefe comunal y a la vez, resalt\u00f3 la labor que realizan diariamente los docentes de las diferentes instituciones del municipio.<\/p>\n\n\n\n<p>Por otro lado, Irigoyen hizo menci\u00f3n a los convenios que se firmaron en la ocasi\u00f3n se\u00f1alando que \u201cvamos a unir dos v\u00edas que son importantes y con esto tenemos que resaltar el trabajo que hace el Gobierno que es ejemplo a nivel nacional\u201d.<\/p>\n\n\n\n<p>\u201cNosotros vamos a seguir apoy\u00e1ndolo Gobernador\u201d, sentenci\u00f3 el intendente ratificando su apoyo al mandatario.<\/p>\n\n\n\n<p><strong>Agradecimientos del rector y alumna<\/strong><\/p>\n\n\n\n<p>Por su parte, Rodolfo Santini, rector Colegio Secundario \u201cManuel Belgrano\u201d, destac\u00f3 el \u201ccompromiso y la pol\u00edtica de estado del gobernador Vald\u00e9s y de la ministra Pr\u00e1xedes L\u00f3pez\u201d para con la educaci\u00f3n, fundamental para &nbsp;\u201casegurar la terminalidad en el nivel secundario, de la mano de estas valiosas herramientas tecnol\u00f3gicas, con sus correspondientes contenidos\u201d.<\/p>\n\n\n\n<p>El rector pidi\u00f3 a los alumnos que cuiden sus flamantes computadoras, ya que representan un gran esfuerzo en inversi\u00f3n presupuestaria de la Provincia.<\/p>\n\n\n\n<p>En tanto, la alumna de segundo a\u00f1o, Lara Vallejos, ofreci\u00f3 sus palabras de agradecimiento al gobernador Vald\u00e9s y al ministerio de Educaci\u00f3n por el equipamiento digital recibido.<\/p>\n\n\n\n<p><strong>Entrega de notebooks<\/strong><\/p>\n\n\n\n<p>En el acto, se entregaron 655 notebooks, distribuidas en los colegios de la ciudad cabecera: \u201cManuel Belgrano\u201d, secundaria de Curuz\u00fa Cuati\u00e1, \u201cBarnidio Sorribes\u201d, Escuela Agrot\u00e9cnica, Escuela T\u00e9cnica \u201cIng. G\u00f3mez Araujo\u201d y Escuela Rural N\u00b0 33. As\u00ed tambi\u00e9n, en las escuelas rurales N\u00b0 864 y 585 de las localidades de Arroyo Portillo y Baibiene, respectivamente, como en el Colegio Secundario de Cazadores Correntinos.<\/p>\n\n\n\n<p>Tambi\u00e9n, a trav\u00e9s del ministerio de Educaci\u00f3n, se hizo entrega a la Escuela N\u00ba 565 \u201cJuan Bautista Alberdi\u201d de Paso de los Libres de una cocina industrial de 6 hornallas con ladrillos refractarios, a la vez que al Colegio Secundario \u201cManuel Belgrano\u201d de Curuz\u00fa Cuati\u00e1, se le otorg\u00f3 pupitres y sillas para fortalecer sus actividades.<\/p>\n\n\n\n<p>&nbsp;<strong>Convenios<\/strong><\/p>\n\n\n\n<p>La ocasi\u00f3n result\u00f3 propicia para la firma de sendos Convenios entre el gobernador Gustavo Vald\u00e9s y el intendente Jos\u00e9 Irigoyen, por medio de los cuales, la Provincia ejecutar\u00e1 obras de infraestructura viales en Curuz\u00fa Cuati\u00e1.<\/p>\n\n\n\n<p>El primero de ellos, por un monto de 26 millones de pesos, destinado a la construcci\u00f3n de 10 cuadras de cord\u00f3n cuneta en el barrio Mar\u00eda Auxiliadora y el segundo para la ejecuci\u00f3n de 6 cuadras de pavimento en la calle Tarrag\u00f3 Ros, por un monto de 49 millones de pesos.<\/p>\n\n\n\n<p><strong>Presencias<\/strong><\/p>\n\n\n\n<p>Tambi\u00e9n participaron del acto, ministros, secretarios y subsecretarios del gabinete provincial, legisladores nacionales y provinciales, el director de Nivel Secundario, Sergio Guti\u00e9rrez, autoridades comunales, concejales, docentes, alumnos y p\u00fablico en general.<\/p>\n","protected":false},"excerpt":{"rendered":"<p>Con el objetivo de fortalecer la igualdad educativa a trav\u00e9s de la tecnolog\u00eda digital, el gobernador Gustavo Vald\u00e9s, junto al intendente Jos\u00e9 Irigoyen, entreg\u00f3 este lunes en Curuz\u00fa Cuati\u00e1, 655&hellip; <\/p>\n","protected":false},"author":1,"featured_media":65255,"comment_status":"closed","ping_status":"open","sticky":false,"template":"","format":"standard","meta":{"footnotes":""},"categories":[17],"tags":[],"class_list":["post-65247","post","type-post","status-publish","format-standard","has-post-thumbnail","hentry","category-sociales"],"_links":{"self":[{"href":"https:\/\/corrientesdetarde.com\/index.php\/wp-json\/wp\/v2\/posts\/65247","targetHints":{"allow":["GET"]}}],"collection":[{"href":"https:\/\/corrientesdetarde.com\/index.php\/wp-json\/wp\/v2\/posts"}],"about":[{"href":"https:\/\/corrientesdetarde.com\/index.php\/wp-json\/wp\/v2\/types\/post"}],"author":[{"embeddable":true,"href":"https:\/\/corrientesdetarde.com\/index.php\/wp-json\/wp\/v2\/users\/1"}],"replies":[{"embeddable":true,"href":"https:\/\/corrientesdetarde.com\/index.php\/wp-json\/wp\/v2\/comments?post=65247"}],"version-history":[{"count":1,"href":"https:\/\/corrientesdetarde.com\/index.php\/wp-json\/wp\/v2\/posts\/65247\/revisions"}],"predecessor-version":[{"id":65256,"href":"https:\/\/corrientesdetarde.com\/index.php\/wp-json\/wp\/v2\/posts\/65247\/revisions\/65256"}],"wp:featuredmedia":[{"embeddable":true,"href":"https:\/\/corrientesdetarde.com\/index.php\/wp-json\/wp\/v2\/media\/65255"}],"wp:attachment":[{"href":"https:\/\/corrientesdetarde.com\/index.php\/wp-json\/wp\/v2\/media?parent=65247"}],"wp:term":[{"taxonomy":"category","embeddable":true,"href":"https:\/\/corrientesdetarde.com\/index.php\/wp-json\/wp\/v2\/categories?post=65247"},{"taxonomy":"post_tag","embeddable":true,"href":"https:\/\/corrientesdetarde.com\/index.php\/wp-json\/wp\/v2\/tags?post=65247"}],"curies":[{"name":"wp","href":"https:\/\/api.w.org\/{rel}","templated":true}]}}