{"id":65248,"date":"2023-06-05T11:55:01","date_gmt":"2023-06-05T14:55:01","guid":{"rendered":"https:\/\/corrientesdetarde.com\/?p=65248"},"modified":"2023-06-05T11:55:04","modified_gmt":"2023-06-05T14:55:04","slug":"siniestro-vial-fatal-en-empedrado","status":"publish","type":"post","link":"https:\/\/corrientesdetarde.com\/index.php\/policiales\/siniestro-vial-fatal-en-empedrado\/","title":{"rendered":"siniestro vial fatal en empedrado"},"content":{"rendered":"\n<p>La Polic\u00eda de Corrientes en Empedrado fueron informado sobre un siniestro vial en Av. B. Mitre, entre calles Alvear y General Paz de esa ciudad.<br>&nbsp;<\/p>\n\n\n\n<p>Seg\u00fan las primeras averiguaciones efectuadas y la informaci\u00f3n preliminar obtenida una moto -marca Honda Storm- que era conducida por un hombre de 33 a\u00f1os impact\u00f3 contra un \u00e1rbol existente en una de las veredas de la zona.<\/p>\n\n\n\n<p>El sujeto fue trasladado al hospital local, donde luego lamentablemente se produjo su fallecimiento<\/p>\n\n\n\n<p>Con \u00e9ste caso el total de muertos en Corrientes por siniestros viales son 69 en lo que va de 2023 (13 capital y 56 interior).<\/p>\n\n\n\n<p><\/p>\n","protected":false},"excerpt":{"rendered":"<p>La Polic\u00eda de Corrientes en Empedrado fueron informado sobre un siniestro vial en Av. B. Mitre, entre calles Alvear y General Paz de esa ciudad.&nbsp; Seg\u00fan las primeras averiguaciones efectuadas&hellip; <\/p>\n","protected":false},"author":1,"featured_media":65251,"comment_status":"closed","ping_status":"open","sticky":false,"template":"","format":"standard","meta":{"footnotes":""},"categories":[33],"tags":[],"class_list":["post-65248","post","type-post","status-publish","format-standard","has-post-thumbnail","hentry","category-policiales"],"_links":{"self":[{"href":"https:\/\/corrientesdetarde.com\/index.php\/wp-json\/wp\/v2\/posts\/65248","targetHints":{"allow":["GET"]}}],"collection":[{"href":"https:\/\/corrientesdetarde.com\/index.php\/wp-json\/wp\/v2\/posts"}],"about":[{"href":"https:\/\/corrientesdetarde.com\/index.php\/wp-json\/wp\/v2\/types\/post"}],"author":[{"embeddable":true,"href":"https:\/\/corrientesdetarde.com\/index.php\/wp-json\/wp\/v2\/users\/1"}],"replies":[{"embeddable":true,"href":"https:\/\/corrientesdetarde.com\/index.php\/wp-json\/wp\/v2\/comments?post=65248"}],"version-history":[{"count":1,"href":"https:\/\/corrientesdetarde.com\/index.php\/wp-json\/wp\/v2\/posts\/65248\/revisions"}],"predecessor-version":[{"id":65252,"href":"https:\/\/corrientesdetarde.com\/index.php\/wp-json\/wp\/v2\/posts\/65248\/revisions\/65252"}],"wp:featuredmedia":[{"embeddable":true,"href":"https:\/\/corrientesdetarde.com\/index.php\/wp-json\/wp\/v2\/media\/65251"}],"wp:attachment":[{"href":"https:\/\/corrientesdetarde.com\/index.php\/wp-json\/wp\/v2\/media?parent=65248"}],"wp:term":[{"taxonomy":"category","embeddable":true,"href":"https:\/\/corrientesdetarde.com\/index.php\/wp-json\/wp\/v2\/categories?post=65248"},{"taxonomy":"post_tag","embeddable":true,"href":"https:\/\/corrientesdetarde.com\/index.php\/wp-json\/wp\/v2\/tags?post=65248"}],"curies":[{"name":"wp","href":"https:\/\/api.w.org\/{rel}","templated":true}]}}