{"id":65257,"date":"2023-06-05T12:01:24","date_gmt":"2023-06-05T15:01:24","guid":{"rendered":"https:\/\/corrientesdetarde.com\/?p=65257"},"modified":"2023-06-05T12:01:27","modified_gmt":"2023-06-05T15:01:27","slug":"inauguracion-del-primer-paseo-sustentable","status":"publish","type":"post","link":"https:\/\/corrientesdetarde.com\/index.php\/bienestar-y-salud\/inauguracion-del-primer-paseo-sustentable\/","title":{"rendered":"Inauguraci\u00f3n del primer Paseo Sustentable"},"content":{"rendered":"\n<p><em>A trav\u00e9s de su voluntariado ambiental \u201cCorriente Verde\u201d, la fuerza pol\u00edtica encabezada por Cuqui Calvano estren\u00f3, este s\u00e1bado 3, en la plaza del barrio 17 de Agosto un paseo de multijuegos, pisos, cestos, bancos y p\u00e9rgola reciclados, producto de las campa\u00f1as de Botella de Amor y RecoPILAS. Adem\u00e1s, realiz\u00f3 un operativo con m\u00faltiples servicios para los vecinos.<\/em><\/p>\n\n\n\n<figure class=\"wp-block-embed is-type-video is-provider-youtube wp-block-embed-youtube wp-embed-aspect-16-9 wp-has-aspect-ratio\"><div class=\"wp-block-embed__wrapper\">\n<iframe loading=\"lazy\" title=\"Inauguraci\u00f3n del primer paseo sustentable de la ciudad.\" width=\"1110\" height=\"624\" src=\"https:\/\/www.youtube.com\/embed\/i8SL8AOIw9Q?feature=oembed\" frameborder=\"0\" allow=\"accelerometer; autoplay; clipboard-write; encrypted-media; gyroscope; picture-in-picture; web-share\" allowfullscreen><\/iframe>\n<\/div><\/figure>\n","protected":false},"excerpt":{"rendered":"<p>A trav\u00e9s de su voluntariado ambiental \u201cCorriente Verde\u201d, la fuerza pol\u00edtica encabezada por Cuqui Calvano estren\u00f3, este s\u00e1bado 3, en la plaza del barrio 17 de Agosto un paseo de&hellip; <\/p>\n","protected":false},"author":1,"featured_media":65258,"comment_status":"closed","ping_status":"open","sticky":false,"template":"","format":"standard","meta":{"footnotes":""},"categories":[16,17],"tags":[],"class_list":["post-65257","post","type-post","status-publish","format-standard","has-post-thumbnail","hentry","category-bienestar-y-salud","category-sociales"],"_links":{"self":[{"href":"https:\/\/corrientesdetarde.com\/index.php\/wp-json\/wp\/v2\/posts\/65257","targetHints":{"allow":["GET"]}}],"collection":[{"href":"https:\/\/corrientesdetarde.com\/index.php\/wp-json\/wp\/v2\/posts"}],"about":[{"href":"https:\/\/corrientesdetarde.com\/index.php\/wp-json\/wp\/v2\/types\/post"}],"author":[{"embeddable":true,"href":"https:\/\/corrientesdetarde.com\/index.php\/wp-json\/wp\/v2\/users\/1"}],"replies":[{"embeddable":true,"href":"https:\/\/corrientesdetarde.com\/index.php\/wp-json\/wp\/v2\/comments?post=65257"}],"version-history":[{"count":1,"href":"https:\/\/corrientesdetarde.com\/index.php\/wp-json\/wp\/v2\/posts\/65257\/revisions"}],"predecessor-version":[{"id":65259,"href":"https:\/\/corrientesdetarde.com\/index.php\/wp-json\/wp\/v2\/posts\/65257\/revisions\/65259"}],"wp:featuredmedia":[{"embeddable":true,"href":"https:\/\/corrientesdetarde.com\/index.php\/wp-json\/wp\/v2\/media\/65258"}],"wp:attachment":[{"href":"https:\/\/corrientesdetarde.com\/index.php\/wp-json\/wp\/v2\/media?parent=65257"}],"wp:term":[{"taxonomy":"category","embeddable":true,"href":"https:\/\/corrientesdetarde.com\/index.php\/wp-json\/wp\/v2\/categories?post=65257"},{"taxonomy":"post_tag","embeddable":true,"href":"https:\/\/corrientesdetarde.com\/index.php\/wp-json\/wp\/v2\/tags?post=65257"}],"curies":[{"name":"wp","href":"https:\/\/api.w.org\/{rel}","templated":true}]}}