{"id":65260,"date":"2023-06-05T13:05:51","date_gmt":"2023-06-05T16:05:51","guid":{"rendered":"https:\/\/corrientesdetarde.com\/?p=65260"},"modified":"2023-06-05T13:05:55","modified_gmt":"2023-06-05T16:05:55","slug":"tassano-en-el-chamame-de-las-mujeres","status":"publish","type":"post","link":"https:\/\/corrientesdetarde.com\/index.php\/cultura\/tassano-en-el-chamame-de-las-mujeres\/","title":{"rendered":"Tassano, en el Chamam\u00e9 de las Mujeres"},"content":{"rendered":"\n<p><em>En el parque Camb\u00e1 Cu\u00e1 se vivi\u00f3 un domingo a pura m\u00fasica correntina en reconocimiento al protagonismo de las mujeres en el g\u00e9nero chamamecero. El segundo festival nacional e internacional fue una iniciativa privada con apoyo de la Municipalidad y del Gobierno provincial. Contempl\u00f3 una jornada de charlas y disertaciones; adem\u00e1s del masivo festival, que cont\u00f3 con grandes artistas locales e invitados especiales del Paraguay.<\/em><\/p>\n\n\n\n<p>El intendente Eduardo Tassano asisti\u00f3 el domingo al segundo Festival Nacional Internacional de Chamam\u00e9 de las Mujeres, que se desarroll\u00f3 en el parque Camb\u00e1 Cu\u00e1 con la presentaci\u00f3n de destacadas artistas e invitados especiales de Corrientes y el Paraguay.<br>El encuentro registr\u00f3 una masiva asistencia de p\u00fablico y se llev\u00f3 a cabo con el objeto de destacar el creciente protagonismo de la mujer en el arte y particularmente en el g\u00e9nero musical. Adem\u00e1s, busca constituirse en un espect\u00e1culo permanente en la agenda local, aportando a la vez al afianzamiento de uno de los ejes de gesti\u00f3n municipal liderada por Tassano, de convertir a Corrientes en una ciudad de eventos para el disfrute de vecinos y turistas.<br>Tambi\u00e9n se sum\u00f3 al festival una feria de emprendedores, con ofertas de productos de gastronom\u00eda y artesan\u00edas, lo cual ofreci\u00f3 un plus importante al encuentro y aport\u00f3 un nuevo espacio para apoyar, desde el municipio, al emprendedurismo y la econom\u00eda local.<br>Adem\u00e1s de Tassano, asistieron al evento los secretarios de Cultura y Educaci\u00f3n, Jos\u00e9 Sand; y de Coordinaci\u00f3n de Gobierno municipal, Hugo Calvano, quienes compartieron el festival junto con referentes de la fundaci\u00f3n Dorado, que organiz\u00f3 la propuesta, con apoyo de la Municipalidad y el Gobierno provincial.<br><br>TASSANO: \u201cAFIANZAMOS A CORRIENTES COMO CIUDAD DE EVENTOS\u201d<br>\u201cHoy nos congrega un evento muy especial, que es un hecho in\u00e9dito que se vuelve a concretar en nuestra ciudad con la participaci\u00f3n de artistas de dilatada trayectoria, tanto en la danza como en el canto de un g\u00e9nero que nos representa ante el mundo\u201d, destac\u00f3 en la ocasi\u00f3n Tassano. \u201cDesde nuestro lugar dimos acompa\u00f1amiento a la organizaci\u00f3n, con la premisa de saber que juntos, con este tipo de actividades, estamos contribuyendo para que Corrientes se afiance como una ciudad de eventos\u201d, sostuvo al respecto.<br>\u201cDe un tiempo a esta parte la ciudad ha posicionado sus eventos con una convocatoria siempre permanente en cada uno de los espacios al aire libre con los que cuenta la capital. El Mes de Corrientes fue el puntapi\u00e9 para una agenda cultural, art\u00edstica, deportiva que se va a desarrollar durante todo el a\u00f1o\u201d, ponder\u00f3 el intendente.<br>Respecto de la feria de emprendedores locales que acompa\u00f1\u00f3 el festival en el Camb\u00e1 Cu\u00e1, Tassano se\u00f1al\u00f3 que \u201ccada uno de los eventos nos brinda adem\u00e1s la posibilidad de generar oportunidades\u201d, y record\u00f3: \u201cHemos acompa\u00f1ado a los emprendedores desde el inicio de la gesti\u00f3n y lograron generar un espacio simult\u00e1neo con los eventos para que ellos puedan comercializar y exponer sus productos\u201d.<br>\u201cUnimos la generaci\u00f3n de eventos con la oportunidad de desarrollo econ\u00f3mico para feriantes, peque\u00f1os y medianos emprendedores que siempre acompa\u00f1an\u201d, agreg\u00f3 finalmente.<br><br>SAND: \u201cESTA PROPUESTA QUEREMOS SOSTENERLA EN EL TIEMPO\u201d<br>\u201cEs una gran experiencia. Seguimos acompa\u00f1ando estas actividades y planificaciones que surgen desde el sector privado y nosotros, desde el municipio, apoyamos y sostenemos esta pol\u00edtica de eventos\u201d, manifest\u00f3 por su parte, el secretario de Cultura y Educaci\u00f3n.<br>En este caso, es muy importante destacar el rol que ocupa la mujer en el mundo de la cultura, de la danza y tambi\u00e9n en el mundo de la m\u00fasica, as\u00ed que es fundamental este acompa\u00f1amiento, porque reivindica y revaloriza al g\u00e9nero femenino\u201d.<br>\u201cEste festival tambi\u00e9n se incluye como una propuesta m\u00e1s para los fines de semana, con la fundaci\u00f3n Dorado, el Gobierno de la Provincia y la Municipalidad, trabajando articuladamente para llevar a cabo este tipo de espect\u00e1culos\u201d, destac\u00f3 Sand, y puso de relieve, adem\u00e1s, \u201cel acompa\u00f1amiento de los gastron\u00f3micos locales, lo que genera un espect\u00e1culo al aire libre, con un clima familiar, muy enchamigado, en el que disfrutamos de artistas locales, nacionales y del Paraguay, quienes le dan un valor agregado a este festival, que queremos sostenerlo en el tiempo\u201d, asegur\u00f3.<br><br>CALVANO: \u201cESTO ES UN APORTE AL CRECIMIENTO DEL CHAMAM\u00c9\u201d<br>En tanto, el secretario de Coordinaci\u00f3n de Gobierno destac\u00f3 el masivo acompa\u00f1amiento de los vecinos al festival, en las dos jornadas que dur\u00f3, \u201ctanto en la primera, con las disertaciones para dar a conocer a la mujer en el mundo del chamam\u00e9, y luego con el festival propiamente dicho\u201d, indic\u00f3.<br>En esta l\u00ednea, Calvano destac\u00f3 que \u201cse presentaron destacados referentes de la m\u00fasica correntina y en especial tambi\u00e9n artistas locales, lo cual le permite mostrar todo su arte y a la vez contribuir a que el chamam\u00e9 siga creciendo en todo el mundo\u201d.<br>Asimismo, marc\u00f3 \u201cel acompa\u00f1amiento de conocidos artistas que apuntalan el evento, como Gustavo Miqueri, Los de Imaguar\u00e9 y Los Alonsitos\u201d, mencion\u00f3.<br>En este mismo sentido, resalt\u00f3 que \u201ceste es un festival que est\u00e1 creciendo y esperamos que siga haciendo de Corrientes una ciudad para visitar y disfrutar del crecimiento del chamam\u00e9\u201d y, finalmente, destac\u00f3 el acompa\u00f1amiento municipal a iniciativas privadas de este tipo.<br><br>APOYO ESTATAL<br>Por su parte, Araceli Aponte, la representante del movimiento Chamam\u00e9 Ku\u00f1\u00e1 y la fundaci\u00f3n Dorado, afirm\u00f3 que \u201ceste es un d\u00eda muy especial para nosotras y debo agradecer a la Municipalidad por el trabajo conjunto que se llev\u00f3 a cabo y posibilit\u00f3 la realizaci\u00f3n de este evento\u201d.<br>Asimismo, insisti\u00f3 en que \u201csin apoyo, sin la articulaci\u00f3n del Estado con empresas y con los diferentes organismos, sin dudas esto no puede llevarse adelante\u201d.<br><br>CHARLAS Y FESTIVAL MUSICAL<br>Las actividades en el marco de este segundo Festival Nacional Internacional de Chamam\u00e9 de las Mujeres comenzaron el s\u00e1bado con charlas y disertaciones en las que se compartieron experiencias de las mujeres.<br>En el centro cultural Adolfo Mors de la Municipalidad se habl\u00f3 en principio de la Ley de Cupo, un encuentro a cargo de Charo Bogar\u00edn y posteriormente tambi\u00e9n se disert\u00f3 sobre \u201cEl rol de la mujer chamamecera\u201d, a cargo del movimiento Chamam\u00e9 Ku\u00f1\u00e1.<br>En tanto, el domingo, desde las 16, se llev\u00f3 a cabo el parque Camb\u00e1 Cu\u00e1 el festival propiamente dicho en un clima netamente familiar, complementado adem\u00e1s con la feria de gastronom\u00eda de emprendendoras locales y artesanos.<br>Por el escenario se presentaron Silvina Escalante, de Mburucuy\u00e1, que tuvo como invitado a Gustavo Miqueri; adem\u00e1s de Mariana M\u00e1rquez, del Brasil; Mar\u00eda Isabel, de Paraguay; Dalma Ferreira, tambi\u00e9n del vecino pa\u00eds; como Melissa Hiks.<br>Asimismo, se presentaron Vicky S\u00e1nchez, de Corrientes; \u201cChamameceras\u201d, de Mercedes; Patricia G\u00f3mez, de Santa Fe; Bianca Almir\u00f3n, del Chaco; Litoral Ballet; y el&nbsp;<em>ballet&nbsp;<\/em>\u201cParan\u00e1\u201d junto a \u201cMainumby\u201d.<br>Como n\u00famero central tambi\u00e9n se present\u00f3 la orquesta Chamam\u00e9 Ku\u00f1\u00e1 con Marcos y Marcelo Roselli, de Los Alonsitos; y Nicol\u00e1s y Julio C\u00e1ceres, de Los de Imaguar\u00e9; como invitados.<\/p>\n\n\n\n<figure class=\"wp-block-embed is-type-video is-provider-youtube wp-block-embed-youtube wp-embed-aspect-16-9 wp-has-aspect-ratio\"><div class=\"wp-block-embed__wrapper\">\n<iframe loading=\"lazy\" title=\"Tassano celebr\u00f3 el \u00e9xito del segundo Festival Nacional Internacional de Chamam\u00e9 de las Mujeres\" width=\"1110\" height=\"624\" src=\"https:\/\/www.youtube.com\/embed\/6WvSDdmuseE?feature=oembed\" frameborder=\"0\" allow=\"accelerometer; autoplay; clipboard-write; encrypted-media; gyroscope; picture-in-picture; web-share\" allowfullscreen><\/iframe>\n<\/div><\/figure>\n\n\n\n<figure class=\"wp-block-image size-large\"><img loading=\"lazy\" decoding=\"async\" width=\"1024\" height=\"683\" src=\"https:\/\/corrientesdetarde.com\/wp-content\/uploads\/2023\/06\/image-112-1024x683.png\" alt=\"\" class=\"wp-image-65262\" srcset=\"https:\/\/corrientesdetarde.com\/wp-content\/uploads\/2023\/06\/image-112-1024x683.png 1024w, https:\/\/corrientesdetarde.com\/wp-content\/uploads\/2023\/06\/image-112-300x200.png 300w, https:\/\/corrientesdetarde.com\/wp-content\/uploads\/2023\/06\/image-112-768x512.png 768w, https:\/\/corrientesdetarde.com\/wp-content\/uploads\/2023\/06\/image-112-1536x1024.png 1536w, https:\/\/corrientesdetarde.com\/wp-content\/uploads\/2023\/06\/image-112-2048x1366.png 2048w, https:\/\/corrientesdetarde.com\/wp-content\/uploads\/2023\/06\/image-112-272x182.png 272w\" sizes=\"auto, (max-width: 1024px) 100vw, 1024px\" \/><\/figure>\n\n\n\n<figure class=\"wp-block-image size-large\"><img loading=\"lazy\" decoding=\"async\" width=\"1024\" height=\"683\" src=\"https:\/\/corrientesdetarde.com\/wp-content\/uploads\/2023\/06\/image-111-1024x683.png\" alt=\"\" class=\"wp-image-65261\" srcset=\"https:\/\/corrientesdetarde.com\/wp-content\/uploads\/2023\/06\/image-111-1024x683.png 1024w, https:\/\/corrientesdetarde.com\/wp-content\/uploads\/2023\/06\/image-111-300x200.png 300w, https:\/\/corrientesdetarde.com\/wp-content\/uploads\/2023\/06\/image-111-768x512.png 768w, https:\/\/corrientesdetarde.com\/wp-content\/uploads\/2023\/06\/image-111-1536x1024.png 1536w, https:\/\/corrientesdetarde.com\/wp-content\/uploads\/2023\/06\/image-111-2048x1366.png 2048w, https:\/\/corrientesdetarde.com\/wp-content\/uploads\/2023\/06\/image-111-272x182.png 272w\" sizes=\"auto, (max-width: 1024px) 100vw, 1024px\" \/><\/figure>\n\n\n\n<figure class=\"wp-block-image size-large\"><img loading=\"lazy\" decoding=\"async\" width=\"1024\" height=\"683\" src=\"https:\/\/corrientesdetarde.com\/wp-content\/uploads\/2023\/06\/image-113-1024x683.png\" alt=\"\" class=\"wp-image-65263\" srcset=\"https:\/\/corrientesdetarde.com\/wp-content\/uploads\/2023\/06\/image-113-1024x683.png 1024w, https:\/\/corrientesdetarde.com\/wp-content\/uploads\/2023\/06\/image-113-300x200.png 300w, https:\/\/corrientesdetarde.com\/wp-content\/uploads\/2023\/06\/image-113-768x512.png 768w, https:\/\/corrientesdetarde.com\/wp-content\/uploads\/2023\/06\/image-113-1536x1024.png 1536w, https:\/\/corrientesdetarde.com\/wp-content\/uploads\/2023\/06\/image-113-2048x1366.png 2048w, https:\/\/corrientesdetarde.com\/wp-content\/uploads\/2023\/06\/image-113-272x182.png 272w\" sizes=\"auto, (max-width: 1024px) 100vw, 1024px\" \/><\/figure>\n\n\n\n<figure class=\"wp-block-image size-large\"><img loading=\"lazy\" decoding=\"async\" width=\"1024\" height=\"683\" src=\"https:\/\/corrientesdetarde.com\/wp-content\/uploads\/2023\/06\/image-115-1024x683.png\" alt=\"\" class=\"wp-image-65266\" srcset=\"https:\/\/corrientesdetarde.com\/wp-content\/uploads\/2023\/06\/image-115-1024x683.png 1024w, https:\/\/corrientesdetarde.com\/wp-content\/uploads\/2023\/06\/image-115-300x200.png 300w, https:\/\/corrientesdetarde.com\/wp-content\/uploads\/2023\/06\/image-115-768x512.png 768w, https:\/\/corrientesdetarde.com\/wp-content\/uploads\/2023\/06\/image-115-1536x1024.png 1536w, https:\/\/corrientesdetarde.com\/wp-content\/uploads\/2023\/06\/image-115-2048x1366.png 2048w, https:\/\/corrientesdetarde.com\/wp-content\/uploads\/2023\/06\/image-115-272x182.png 272w\" sizes=\"auto, (max-width: 1024px) 100vw, 1024px\" \/><\/figure>\n","protected":false},"excerpt":{"rendered":"<p>En el parque Camb\u00e1 Cu\u00e1 se vivi\u00f3 un domingo a pura m\u00fasica correntina en reconocimiento al protagonismo de las mujeres en el g\u00e9nero chamamecero. El segundo festival nacional e internacional&hellip; <\/p>\n","protected":false},"author":8,"featured_media":65265,"comment_status":"closed","ping_status":"open","sticky":false,"template":"","format":"standard","meta":{"footnotes":""},"categories":[15],"tags":[],"class_list":["post-65260","post","type-post","status-publish","format-standard","has-post-thumbnail","hentry","category-cultura"],"_links":{"self":[{"href":"https:\/\/corrientesdetarde.com\/index.php\/wp-json\/wp\/v2\/posts\/65260","targetHints":{"allow":["GET"]}}],"collection":[{"href":"https:\/\/corrientesdetarde.com\/index.php\/wp-json\/wp\/v2\/posts"}],"about":[{"href":"https:\/\/corrientesdetarde.com\/index.php\/wp-json\/wp\/v2\/types\/post"}],"author":[{"embeddable":true,"href":"https:\/\/corrientesdetarde.com\/index.php\/wp-json\/wp\/v2\/users\/8"}],"replies":[{"embeddable":true,"href":"https:\/\/corrientesdetarde.com\/index.php\/wp-json\/wp\/v2\/comments?post=65260"}],"version-history":[{"count":1,"href":"https:\/\/corrientesdetarde.com\/index.php\/wp-json\/wp\/v2\/posts\/65260\/revisions"}],"predecessor-version":[{"id":65267,"href":"https:\/\/corrientesdetarde.com\/index.php\/wp-json\/wp\/v2\/posts\/65260\/revisions\/65267"}],"wp:featuredmedia":[{"embeddable":true,"href":"https:\/\/corrientesdetarde.com\/index.php\/wp-json\/wp\/v2\/media\/65265"}],"wp:attachment":[{"href":"https:\/\/corrientesdetarde.com\/index.php\/wp-json\/wp\/v2\/media?parent=65260"}],"wp:term":[{"taxonomy":"category","embeddable":true,"href":"https:\/\/corrientesdetarde.com\/index.php\/wp-json\/wp\/v2\/categories?post=65260"},{"taxonomy":"post_tag","embeddable":true,"href":"https:\/\/corrientesdetarde.com\/index.php\/wp-json\/wp\/v2\/tags?post=65260"}],"curies":[{"name":"wp","href":"https:\/\/api.w.org\/{rel}","templated":true}]}}