{"id":65268,"date":"2023-06-05T13:12:00","date_gmt":"2023-06-05T16:12:00","guid":{"rendered":"https:\/\/corrientesdetarde.com\/?p=65268"},"modified":"2023-06-05T13:12:25","modified_gmt":"2023-06-05T16:12:25","slug":"sobreseyeron-a-cristina-kirchner-en-la-causa-por-la-ruta-del-dinero-k","status":"publish","type":"post","link":"https:\/\/corrientesdetarde.com\/index.php\/politica\/sobreseyeron-a-cristina-kirchner-en-la-causa-por-la-ruta-del-dinero-k\/","title":{"rendered":"Sobreseyeron a Cristina Kirchner en la causa por la Ruta del dinero K"},"content":{"rendered":"\n<p>As\u00ed lo resolvi\u00f3 este lunes el juez Sebasti\u00e1n Casanello. Adem\u00e1s, rechaz\u00f3 el pedido de la asociaci\u00f3n civil Bases Republicanas de ser querellante.<\/p>\n\n\n\n<p>El juez federal Sebasti\u00e1n Casanello sobresey\u00f3 este lunes a la vicepresidenta&nbsp;<strong>Cristina Kirchner<\/strong>&nbsp;en la causa por lavado de dinero en la que fue condenado el empresario&nbsp;<strong>L\u00e1zaro B\u00e1ez,<\/strong>&nbsp;ante la falta de acusaci\u00f3n de la fiscal\u00eda y las querellas.<\/p>\n\n\n\n<p>Casanello dispuso decretar el sobreseimeinto &#8220;declarando que la formaci\u00f3n del presente sumario no afecta el buen nombre y honor&#8221; de la Vicepresidenta, seg\u00fan la resoluci\u00f3n, de tres carillas en la que el juez se remiti\u00f3 al dictamen del fiscal del caso\u00a0<strong>Guillermo Marijuan\u00a0<\/strong>y a la postura coincidente de las querellas de la UIF y la AFIP, que se pronunciaron por el sobreseimiento.<\/p>\n\n\n\n<figure class=\"wp-block-embed is-type-video is-provider-youtube wp-block-embed-youtube wp-embed-aspect-16-9 wp-has-aspect-ratio\"><div class=\"wp-block-embed__wrapper\">\n<iframe loading=\"lazy\" title=\"RUTA del DINERO: SOBRESEYERON a CRISTINA FERN\u00c1NDEZ de KIRCHNER\" width=\"1110\" height=\"624\" src=\"https:\/\/www.youtube.com\/embed\/UdqNMVRm75M?feature=oembed\" frameborder=\"0\" allow=\"accelerometer; autoplay; clipboard-write; encrypted-media; gyroscope; picture-in-picture; web-share\" allowfullscreen><\/iframe>\n<\/div><\/figure>\n","protected":false},"excerpt":{"rendered":"<p>As\u00ed lo resolvi\u00f3 este lunes el juez Sebasti\u00e1n Casanello. Adem\u00e1s, rechaz\u00f3 el pedido de la asociaci\u00f3n civil Bases Republicanas de ser querellante. El juez federal Sebasti\u00e1n Casanello sobresey\u00f3 este lunes&hellip; <\/p>\n","protected":false},"author":8,"featured_media":65269,"comment_status":"closed","ping_status":"open","sticky":false,"template":"","format":"standard","meta":{"footnotes":""},"categories":[3],"tags":[],"class_list":["post-65268","post","type-post","status-publish","format-standard","has-post-thumbnail","hentry","category-politica"],"_links":{"self":[{"href":"https:\/\/corrientesdetarde.com\/index.php\/wp-json\/wp\/v2\/posts\/65268","targetHints":{"allow":["GET"]}}],"collection":[{"href":"https:\/\/corrientesdetarde.com\/index.php\/wp-json\/wp\/v2\/posts"}],"about":[{"href":"https:\/\/corrientesdetarde.com\/index.php\/wp-json\/wp\/v2\/types\/post"}],"author":[{"embeddable":true,"href":"https:\/\/corrientesdetarde.com\/index.php\/wp-json\/wp\/v2\/users\/8"}],"replies":[{"embeddable":true,"href":"https:\/\/corrientesdetarde.com\/index.php\/wp-json\/wp\/v2\/comments?post=65268"}],"version-history":[{"count":1,"href":"https:\/\/corrientesdetarde.com\/index.php\/wp-json\/wp\/v2\/posts\/65268\/revisions"}],"predecessor-version":[{"id":65270,"href":"https:\/\/corrientesdetarde.com\/index.php\/wp-json\/wp\/v2\/posts\/65268\/revisions\/65270"}],"wp:featuredmedia":[{"embeddable":true,"href":"https:\/\/corrientesdetarde.com\/index.php\/wp-json\/wp\/v2\/media\/65269"}],"wp:attachment":[{"href":"https:\/\/corrientesdetarde.com\/index.php\/wp-json\/wp\/v2\/media?parent=65268"}],"wp:term":[{"taxonomy":"category","embeddable":true,"href":"https:\/\/corrientesdetarde.com\/index.php\/wp-json\/wp\/v2\/categories?post=65268"},{"taxonomy":"post_tag","embeddable":true,"href":"https:\/\/corrientesdetarde.com\/index.php\/wp-json\/wp\/v2\/tags?post=65268"}],"curies":[{"name":"wp","href":"https:\/\/api.w.org\/{rel}","templated":true}]}}