{"id":65271,"date":"2023-06-05T13:18:33","date_gmt":"2023-06-05T16:18:33","guid":{"rendered":"https:\/\/corrientesdetarde.com\/?p=65271"},"modified":"2023-06-05T13:18:52","modified_gmt":"2023-06-05T16:18:52","slug":"en-colonia-libertad-el-gobernador-inauguro-un-nuevo-edificio-secundario-y-entrego-notebooks-del-programa-incluir-futuro","status":"publish","type":"post","link":"https:\/\/corrientesdetarde.com\/index.php\/locales\/en-colonia-libertad-el-gobernador-inauguro-un-nuevo-edificio-secundario-y-entrego-notebooks-del-programa-incluir-futuro\/","title":{"rendered":"En Colonia Libertad, el Gobernador inaugur\u00f3 un nuevo edificio secundario y entreg\u00f3 notebooks del programa &#8220;Incluir Futuro\u201d"},"content":{"rendered":"\n<p>Tras su paso por la ciudad de Curuz\u00fa Cuati\u00e1, Gustavo Vald\u00e9s encabez\u00f3 este lunes la apertura del nuevo edificio del Colegio Secundario \u201cDel Mercosur\u201d de Colonia Libertad, m\u00e1s la entrega de 19 notebooks del programa \u201cIncluir Futuro\u201d. En la oportunidad, inform\u00f3 que el mismo establecimiento ser\u00e1 ampliado y anunci\u00f3, por otra parte, la inversi\u00f3n provincial para la conexi\u00f3n de la red de agua potable local. Adem\u00e1s, firm\u00f3 convenios para la concreci\u00f3n de obras viales y adelant\u00f3 que \u201ctenemos que hacer el Parque Industrial, porque en el sur se avanza\u201d.<\/p>\n\n\n\n<p>El mandatario arrib\u00f3 cerca del mediod\u00eda a la jurisdicci\u00f3n, y fue recibido por el intendente local, Roberto Fracalossi y la rectora de la instituci\u00f3n, Anal\u00eda Fern\u00e1ndez.<\/p>\n\n\n\n<p>Antes de ingresar al flamante edificio del Colegio Secundario \u201cDel Mercosur\u201d, realiz\u00f3 el tradicional corte de cintas junto a las dem\u00e1s autoridades y comunidad educativa.<\/p>\n\n\n\n<p>Posteriormente, se llev\u00f3 adelante la bendici\u00f3n de las instalaciones, a cargo del cura p\u00e1rroco Diego Villalba y se entonaron las estrofas del Himno Nacional Argentino.<\/p>\n\n\n\n<p>Luego, la titular de la instituci\u00f3n, Anal\u00eda Fern\u00e1ndez, recibi\u00f3 las certificaciones para la adquisici\u00f3n de mobiliario escolar, computadora con impresora para administraci\u00f3n, \u00fatiles, indumentaria deportiva, art\u00edculos de limpieza y bibliograf\u00edas para el mismo establecimiento.<\/p>\n\n\n\n<p><strong>Convenios<\/strong><\/p>\n\n\n\n<p>En la ocasi\u00f3n, el gobernador, junto al jefe comunal, rubricaron distintos acuerdos por los cuales la Provincia financiar\u00e1 en la jurisdicci\u00f3n, la ejecuci\u00f3n de &nbsp;100 cuadras de ripio y 10 m\u00e1s de cord\u00f3n cuneta.<\/p>\n\n\n\n<p><strong>Vald\u00e9s<\/strong><\/p>\n\n\n\n<p>\u201cHoy estamos elaborando este edificio de inversi\u00f3n P\u00fablica y Federal Nacional, pero ya nos qued\u00f3 chico y por eso vamos a estar ampliando tres aulas m\u00e1s\u201d, anunci\u00f3 el mandatario al iniciar su discurso y adelant\u00f3 que \u201cvamos a estar agregando un patio deportivo cubierto\u201d porque \u201clo importante m\u00e1s all\u00e1 de la de la estructura, es lo que ocurre en una escuela\u201d.<\/p>\n\n\n\n<p>Ante estas obras anunciadas, Vald\u00e9s resalt\u00f3 el desempe\u00f1o diario de los docentes y profesores que asisten diariamente al establecimiento y ratific\u00f3 la importancia de las inversiones en la educaci\u00f3n p\u00fablica diciendo: \u201ccuando hay una gran escuela en la Argentina como en Colonia Libertad estamos apostando al futuro y en el tiempo\u201d.<\/p>\n\n\n\n<p>Seguidamente, se refiri\u00f3 a las obras que hacen a la Red de Agua expresando que \u201cles voy a mandar $15 millones de aporte del Tesoro Provincial, para que conectemos la nueva red de agua a la poblaci\u00f3n\u201d y \u201cdespu\u00e9s comenzar vamos a darle forma a lo que son las obras de cord\u00f3n cuneta y por eso firmamos otro convenio\u201d ya que \u201ces fundamenta seguir construyendo\u201d.<\/p>\n\n\n\n<p>En materia de salud, Vald\u00e9s record\u00f3 que \u201chab\u00edamos hecho el CAPS que fue una obra que nos pidieron, y hay que seguir llev\u00e1ndolo como corresponde\u201d y agreg\u00f3: \u201cno bajemos los brazos con lo que es el Parque Industrial porque tenemos que hacerlo como lo venimos haciendo en Mocoret\u00e1 y en las dem\u00e1s localidades, y ac\u00e1 tiene que haber un Parque porque en el sur se avanza\u201d. \u201cNosotros estamos\u201d, reiter\u00f3 el gobernador expresando su apoyo al municipio.<\/p>\n\n\n\n<p>En materia habitacional, coment\u00f3 que \u201ccompramos hect\u00e1reas para que podamos construir m\u00e1s casas\u201d y se comprometi\u00f3 a construir el ingreso a la localidad como se viene ejecutando en Juan Pujol. \u201cNo tengan miedo de pedir, porque solamente el que exige es el que recibe\u201d, coment\u00f3 Vald\u00e9s en respuestas a las demandas presentadas por la Municipalidad.<\/p>\n\n\n\n<p>Por otro lado, en lo que hace a la entrega de equipamientos tecnol\u00f3gicos en Colonia Libertad recalc\u00f3 que \u201cestamos potenciando el conocimiento\u201d y mencion\u00f3 que en la Provincia se entreg\u00f3 un total de 70 mil computadoras. En esa l\u00ednea, el mandatario asegur\u00f3 que \u201cvamos a seguir trabajando por m\u00e1s educaci\u00f3n p\u00fablica\u201d porque \u201cesto realmente es lo que nos iguala, lo que nos potencia y lo que a los chicos verdaderamente los deja volar y crecer\u201d.<\/p>\n\n\n\n<p><strong>Roberto Fracalossi<\/strong><\/p>\n\n\n\n<p>El intendente de Colonia Libertad manifest\u00f3 que \u201choy se cumple el sue\u00f1o, no solo de la comunidad educativa, sino de toda la localidad\u201d, contando que esta iniciativa fue conversada junto con el gobernador hace varios a\u00f1os atr\u00e1s.<\/p>\n\n\n\n<p>\u201cDesde nuestra gesti\u00f3n nos preguntamos qu\u00e9 le podemos ofrecer a los j\u00f3venes, a nuestros m\u00e1s de 300 alumnos, para que no deban salir del pueblo a buscar otro futuro\u201d. El primer paso \u2013dijo- es este nuevo edificio. \u201cAhora tenemos que trabajar para brindar las herramientas necesarias y generar una mejor formaci\u00f3n\u201d, fundament\u00f3.<\/p>\n\n\n\n<p>Fracalossi llam\u00f3 a esta escuela como \u201cla casa de la esperanza\u201d y que para desarrollar la comunidad se necesita de la voluntad de los docentes y la de los alumnos.<\/p>\n\n\n\n<p><strong>Pr\u00e1xedes L\u00f3pez<\/strong><\/p>\n\n\n\n<p>Al momento de dirigirse a los presentes, la ministra de Educaci\u00f3n, Pr\u00e1xedes L\u00f3pez, comparti\u00f3 su alegr\u00eda con la querida comunidad educativa de la localidad, resaltando que esta obra viene a potenciar el nivel secundario.<\/p>\n\n\n\n<p>\u201cA partir de hoy ustedes, queridos docentes y alumnos, tienen un espacio propio, en donde el conocimiento debe incorporarse d\u00eda a d\u00eda\u201d, manifest\u00f3 la ministra, pidiendo a su vez el pleno acompa\u00f1amiento de padres y tutores para que los \u201calumnos est\u00e9n en la escuela\u201d.<\/p>\n\n\n\n<p>Luego, Pr\u00e1xedes L\u00f3pez puso de relieve que las capacitaciones son fundamentales para acompa\u00f1ar el sistema educativo y en ese rumbo coment\u00f3 que se trabaja fuerte para que puedan ofrecerse en la localidad el dictado de tecnicaturas superiores, en un proceso que se ir\u00e1 dando \u201cpaso a paso\u201d.<\/p>\n\n\n\n<p>En tanto, valor\u00f3 que a partir de la entrega de notebooks de \u201cIncluir Futuro\u201d, todos los alumnos de primero, segundo y tercer a\u00f1o de esta localidad ya cuentan con sus dispositivos y los respectivos contenidos que \u201cvenimos desarrollando junto a nuestros docentes\u201d, con el objetivo de que los j\u00f3venes \u201csean parte de una comunidad cada vez m\u00e1s pujante\u201d.<\/p>\n\n\n\n<p><strong>Detalles de la obra<\/strong><\/p>\n\n\n\n<p>La obra, proyectada y supervisada por la Subsecretar\u00eda de Infraestructura Escolar, cuenta con una superficie de 895,21 m\u00b2 y consta de tres aulas, hall de acceso, Sector de Gobierno con direcci\u00f3n, secretar\u00eda, archivo, office, ba\u00f1o com\u00fan, sala de profesorado y preceptor\u00eda; Centro de Recursos Multimediales y Pedag\u00f3gicos; taller y sal\u00f3n de usos m\u00faltiples; cocina con dependencias y sanitarios para personal; alumnos\/as, docentes y discapacitados; patio de formaci\u00f3n, torre con tanque de reserva y tanque de bombeo.<\/p>\n\n\n\n<p><strong>Presencias<\/strong><\/p>\n\n\n\n<p>Tambi\u00e9n participaron del acto, el vicepresidente primero del Senado, Henry Fick; ministros, secretarios y subsecretarios del gabinete provincial, legisladores; el director de Nivel Secundario, Sergio Guti\u00e9rrez, autoridades comunales, concejales, docentes, alumnos y p\u00fablico en general.<\/p>\n\n\n\n<figure class=\"wp-block-image size-large\"><img loading=\"lazy\" decoding=\"async\" width=\"1024\" height=\"692\" src=\"https:\/\/corrientesdetarde.com\/wp-content\/uploads\/2023\/06\/image-116-1024x692.png\" alt=\"\" class=\"wp-image-65272\" srcset=\"https:\/\/corrientesdetarde.com\/wp-content\/uploads\/2023\/06\/image-116-1024x692.png 1024w, https:\/\/corrientesdetarde.com\/wp-content\/uploads\/2023\/06\/image-116-300x203.png 300w, https:\/\/corrientesdetarde.com\/wp-content\/uploads\/2023\/06\/image-116-768x519.png 768w, https:\/\/corrientesdetarde.com\/wp-content\/uploads\/2023\/06\/image-116.png 1260w\" sizes=\"auto, (max-width: 1024px) 100vw, 1024px\" \/><\/figure>\n\n\n\n<figure class=\"wp-block-image size-large\"><img loading=\"lazy\" decoding=\"async\" width=\"1024\" height=\"682\" src=\"https:\/\/corrientesdetarde.com\/wp-content\/uploads\/2023\/06\/image-117-1024x682.png\" alt=\"\" class=\"wp-image-65273\" srcset=\"https:\/\/corrientesdetarde.com\/wp-content\/uploads\/2023\/06\/image-117-1024x682.png 1024w, https:\/\/corrientesdetarde.com\/wp-content\/uploads\/2023\/06\/image-117-300x200.png 300w, https:\/\/corrientesdetarde.com\/wp-content\/uploads\/2023\/06\/image-117-768x512.png 768w, https:\/\/corrientesdetarde.com\/wp-content\/uploads\/2023\/06\/image-117-272x182.png 272w, https:\/\/corrientesdetarde.com\/wp-content\/uploads\/2023\/06\/image-117.png 1280w\" sizes=\"auto, (max-width: 1024px) 100vw, 1024px\" \/><\/figure>\n\n\n\n<figure class=\"wp-block-image size-large\"><img loading=\"lazy\" decoding=\"async\" width=\"1024\" height=\"682\" src=\"https:\/\/corrientesdetarde.com\/wp-content\/uploads\/2023\/06\/image-118-1024x682.png\" alt=\"\" class=\"wp-image-65274\" srcset=\"https:\/\/corrientesdetarde.com\/wp-content\/uploads\/2023\/06\/image-118-1024x682.png 1024w, https:\/\/corrientesdetarde.com\/wp-content\/uploads\/2023\/06\/image-118-300x200.png 300w, https:\/\/corrientesdetarde.com\/wp-content\/uploads\/2023\/06\/image-118-768x512.png 768w, https:\/\/corrientesdetarde.com\/wp-content\/uploads\/2023\/06\/image-118-272x182.png 272w, https:\/\/corrientesdetarde.com\/wp-content\/uploads\/2023\/06\/image-118.png 1280w\" sizes=\"auto, (max-width: 1024px) 100vw, 1024px\" \/><\/figure>\n\n\n\n<figure class=\"wp-block-image size-large\"><img loading=\"lazy\" decoding=\"async\" width=\"1024\" height=\"721\" src=\"https:\/\/corrientesdetarde.com\/wp-content\/uploads\/2023\/06\/image-119-1024x721.png\" alt=\"\" class=\"wp-image-65275\" srcset=\"https:\/\/corrientesdetarde.com\/wp-content\/uploads\/2023\/06\/image-119-1024x721.png 1024w, https:\/\/corrientesdetarde.com\/wp-content\/uploads\/2023\/06\/image-119-300x211.png 300w, https:\/\/corrientesdetarde.com\/wp-content\/uploads\/2023\/06\/image-119-768x541.png 768w, https:\/\/corrientesdetarde.com\/wp-content\/uploads\/2023\/06\/image-119.png 1073w\" sizes=\"auto, (max-width: 1024px) 100vw, 1024px\" \/><\/figure>\n\n\n\n<figure class=\"wp-block-image size-large\"><img loading=\"lazy\" decoding=\"async\" width=\"1024\" height=\"682\" src=\"https:\/\/corrientesdetarde.com\/wp-content\/uploads\/2023\/06\/image-120-1024x682.png\" alt=\"\" class=\"wp-image-65276\" srcset=\"https:\/\/corrientesdetarde.com\/wp-content\/uploads\/2023\/06\/image-120-1024x682.png 1024w, https:\/\/corrientesdetarde.com\/wp-content\/uploads\/2023\/06\/image-120-300x200.png 300w, https:\/\/corrientesdetarde.com\/wp-content\/uploads\/2023\/06\/image-120-768x512.png 768w, https:\/\/corrientesdetarde.com\/wp-content\/uploads\/2023\/06\/image-120-272x182.png 272w, https:\/\/corrientesdetarde.com\/wp-content\/uploads\/2023\/06\/image-120.png 1280w\" sizes=\"auto, (max-width: 1024px) 100vw, 1024px\" \/><\/figure>\n\n\n\n<figure class=\"wp-block-image size-large\"><img loading=\"lazy\" decoding=\"async\" width=\"1024\" height=\"682\" src=\"https:\/\/corrientesdetarde.com\/wp-content\/uploads\/2023\/06\/image-121-1024x682.png\" alt=\"\" class=\"wp-image-65277\" srcset=\"https:\/\/corrientesdetarde.com\/wp-content\/uploads\/2023\/06\/image-121-1024x682.png 1024w, https:\/\/corrientesdetarde.com\/wp-content\/uploads\/2023\/06\/image-121-300x200.png 300w, https:\/\/corrientesdetarde.com\/wp-content\/uploads\/2023\/06\/image-121-768x512.png 768w, https:\/\/corrientesdetarde.com\/wp-content\/uploads\/2023\/06\/image-121-272x182.png 272w, https:\/\/corrientesdetarde.com\/wp-content\/uploads\/2023\/06\/image-121.png 1280w\" sizes=\"auto, (max-width: 1024px) 100vw, 1024px\" \/><\/figure>\n\n\n\n<figure class=\"wp-block-image size-large\"><img loading=\"lazy\" decoding=\"async\" width=\"1024\" height=\"682\" src=\"https:\/\/corrientesdetarde.com\/wp-content\/uploads\/2023\/06\/image-122-1024x682.png\" alt=\"\" class=\"wp-image-65278\" srcset=\"https:\/\/corrientesdetarde.com\/wp-content\/uploads\/2023\/06\/image-122-1024x682.png 1024w, https:\/\/corrientesdetarde.com\/wp-content\/uploads\/2023\/06\/image-122-300x200.png 300w, https:\/\/corrientesdetarde.com\/wp-content\/uploads\/2023\/06\/image-122-768x512.png 768w, https:\/\/corrientesdetarde.com\/wp-content\/uploads\/2023\/06\/image-122-272x182.png 272w, https:\/\/corrientesdetarde.com\/wp-content\/uploads\/2023\/06\/image-122.png 1280w\" sizes=\"auto, (max-width: 1024px) 100vw, 1024px\" \/><\/figure>\n\n\n\n<figure class=\"wp-block-image size-large\"><img loading=\"lazy\" decoding=\"async\" width=\"1024\" height=\"682\" src=\"https:\/\/corrientesdetarde.com\/wp-content\/uploads\/2023\/06\/image-123-1024x682.png\" alt=\"\" class=\"wp-image-65279\" srcset=\"https:\/\/corrientesdetarde.com\/wp-content\/uploads\/2023\/06\/image-123-1024x682.png 1024w, https:\/\/corrientesdetarde.com\/wp-content\/uploads\/2023\/06\/image-123-300x200.png 300w, https:\/\/corrientesdetarde.com\/wp-content\/uploads\/2023\/06\/image-123-768x512.png 768w, https:\/\/corrientesdetarde.com\/wp-content\/uploads\/2023\/06\/image-123-272x182.png 272w, https:\/\/corrientesdetarde.com\/wp-content\/uploads\/2023\/06\/image-123.png 1280w\" sizes=\"auto, (max-width: 1024px) 100vw, 1024px\" \/><\/figure>\n","protected":false},"excerpt":{"rendered":"<p>Tras su paso por la ciudad de Curuz\u00fa Cuati\u00e1, Gustavo Vald\u00e9s encabez\u00f3 este lunes la apertura del nuevo edificio del Colegio Secundario \u201cDel Mercosur\u201d de Colonia Libertad, m\u00e1s la entrega&hellip; <\/p>\n","protected":false},"author":8,"featured_media":65280,"comment_status":"closed","ping_status":"open","sticky":false,"template":"","format":"standard","meta":{"footnotes":""},"categories":[8],"tags":[],"class_list":["post-65271","post","type-post","status-publish","format-standard","has-post-thumbnail","hentry","category-locales"],"_links":{"self":[{"href":"https:\/\/corrientesdetarde.com\/index.php\/wp-json\/wp\/v2\/posts\/65271","targetHints":{"allow":["GET"]}}],"collection":[{"href":"https:\/\/corrientesdetarde.com\/index.php\/wp-json\/wp\/v2\/posts"}],"about":[{"href":"https:\/\/corrientesdetarde.com\/index.php\/wp-json\/wp\/v2\/types\/post"}],"author":[{"embeddable":true,"href":"https:\/\/corrientesdetarde.com\/index.php\/wp-json\/wp\/v2\/users\/8"}],"replies":[{"embeddable":true,"href":"https:\/\/corrientesdetarde.com\/index.php\/wp-json\/wp\/v2\/comments?post=65271"}],"version-history":[{"count":1,"href":"https:\/\/corrientesdetarde.com\/index.php\/wp-json\/wp\/v2\/posts\/65271\/revisions"}],"predecessor-version":[{"id":65281,"href":"https:\/\/corrientesdetarde.com\/index.php\/wp-json\/wp\/v2\/posts\/65271\/revisions\/65281"}],"wp:featuredmedia":[{"embeddable":true,"href":"https:\/\/corrientesdetarde.com\/index.php\/wp-json\/wp\/v2\/media\/65280"}],"wp:attachment":[{"href":"https:\/\/corrientesdetarde.com\/index.php\/wp-json\/wp\/v2\/media?parent=65271"}],"wp:term":[{"taxonomy":"category","embeddable":true,"href":"https:\/\/corrientesdetarde.com\/index.php\/wp-json\/wp\/v2\/categories?post=65271"},{"taxonomy":"post_tag","embeddable":true,"href":"https:\/\/corrientesdetarde.com\/index.php\/wp-json\/wp\/v2\/tags?post=65271"}],"curies":[{"name":"wp","href":"https:\/\/api.w.org\/{rel}","templated":true}]}}