{"id":65365,"date":"2023-06-05T16:30:58","date_gmt":"2023-06-05T19:30:58","guid":{"rendered":"https:\/\/corrientesdetarde.com\/?p=65365"},"modified":"2023-06-05T16:31:02","modified_gmt":"2023-06-05T19:31:02","slug":"el-ala-dura-del-pro-rechaza-sumar-a-schiaretti-pero-plantea-alternativas-para-sortear-la-crisis-de-jxc","status":"publish","type":"post","link":"https:\/\/corrientesdetarde.com\/index.php\/politica\/el-ala-dura-del-pro-rechaza-sumar-a-schiaretti-pero-plantea-alternativas-para-sortear-la-crisis-de-jxc\/","title":{"rendered":"El ala dura del PRO rechaza sumar a Schiaretti, pero plantea alternativas para sortear la crisis de JxC"},"content":{"rendered":"\n<p>Hern\u00e1n Lombardi y Ricardo L\u00f3pez Murphy descartaron la posibilidad de ampliar la coalici\u00f3n con el gobernador cordob\u00e9s. Sin embargo, se mostraron abiertos a otro tipo de negociaciones.<\/p>\n\n\n\n<p>En el marco de las negociaciones dentro de Juntos por el Cambio para ampliar la coalici\u00f3n, la propuesta de\u00a0Horacio Rodriguez Larreta\u00a0de sumar al gobernador peronista de C\u00f3rdoba, Juan Schiaretti\u00a0motiv\u00f3 el rechazo del \u201cala dura\u201d del PRO liderada por\u00a0Patricia Bullrich. Sin embargo,\u00a0<strong>dos de sus alfiles plantearon una alternativa a esa estrategia pol\u00edtica pensando en el largo plazo<\/strong>.<\/p>\n\n\n\n<p>El l\u00edder de Republicanos Unidos, Ricardo L\u00f3pez Murphy, se\u00f1al\u00f3 que la incorporaci\u00f3n de Schiaretti podr\u00eda \u201cconfundir al electorado\u201d cordob\u00e9s donde, explic\u00f3, \u201ctenemos una competencia enorme\u201d.<\/p>\n\n\n\n<p>Sin embargo, se mostr\u00f3 abierto a otro tipo de negociaci\u00f3n. \u201c<strong>La fuerza (Peronismo Renovador) puede ir por su camino y, despu\u00e9s integrar un nuevo gobierno. Eso se tiene que hacer a posteriori<\/strong>, ahora tenemos que marchar con nuestras banderas e idefntificaciones. A esta altura, generar m\u00e1s confusi\u00f3n no nos ayuda\u201d, detall\u00f3 en declaraciones a&nbsp;<em>Nacional Rock<\/em>.<\/p>\n\n\n\n<p>En similar sentido se manifest\u00f3 el diputado nacional,&nbsp;<strong>Hern\u00e1n Lombardi<\/strong>. Como uno de los dirigentes m\u00e1s estrechos a Bullirch declar\u00f3 que \u201clos acuerdos electorales se basan en principios y valores,&nbsp;<strong>no es un lugar donde cualquiera entra como en un club donde cualquiera pueda ser socio<\/strong>\u201d.<\/p>\n\n\n\n<figure class=\"wp-block-image\"><img decoding=\"async\" src=\"https:\/\/tn.com.ar\/resizer\/PtL8HpnFvWm1Ca1U9YTpVDS88Mo=\/767x0\/smart\/filters:format(webp)\/cloudfront-us-east-1.images.arcpublishing.com\/artear\/35ZAXVU4XBEKFPCGAKZG3P5ORE.jpg\" alt=\"El jefe de gobierno porte\u00f1o, Horacio Rodr\u00edguez Larreta, impulsa la llegada del gobernador de C\u00f3rdoba, Juan Schiaretti, a Juntos por el Cambio (Foto: NA).\"\/><\/figure>\n\n\n\n<p>\u201c<strong>Cuando veo lo que vot\u00f3 el grupo que responde a Schiaretti, que votaron una serie de cuestiones con las que estamos en contra y pensamos diferente<\/strong>, no re\u00fanen las condiciones para el acceso al club, sos muy refractarios a eso\u201d, a\u00f1adi\u00f3 el domingo durante una entrevista a&nbsp;<em>Radio Rivadavia<\/em>.<\/p>\n\n\n\n<p>\u201c<strong>El cambio profundo y n\u00edtido no puede estar con la gente que acompa\u00f1\u00f3 al kirchnerismo<\/strong>, al ciudadano no le podemos presentar una oferta electoral difusa, tenemos que ser claros en nuestra propuesta\u201d, insisti\u00f3.<\/p>\n\n\n\n<p>\u201cMe imagino que est\u00e1n en dificultades, por eso quieren cambiar el escenario\u201d, analiz\u00f3 sobre la estrategia electoral de Larreta. Sin embargo, aval\u00f3 que \u201csi hay dirigentes que se quieran incorporar a JxC una vez que seamos gobierno, ser\u00e1 importante porque hay que negociar en el \u00e1mbito legislativo y es importante\u201d.<\/p>\n\n\n\n<h2 class=\"wp-block-heading\">Bullrich se diferenci\u00f3 de Larreta y rechaz\u00f3 incorporar a Schiaretti a JxC: \u201cSi lo hacemos, perdemos C\u00f3rdoba\u201d<\/h2>\n\n\n\n<p>La titular del PRO en uso de licencia y candidata presidencial,\u00a0<strong>Patricia Bullrich , rechaz\u00f3 la posibilidad de incorporar al armado electoral a Juan Schiaretti.\u00a0<\/strong>\u201cUna cosa es ampliar y otra cosa es amontonar. El 25 tenemos una elecci\u00f3n en C\u00f3rdoba. Hoy tenemos 88 lugares donde competiremos contra Schiaretti\u201d, expres\u00f3 .<\/p>\n\n\n\n<p>\u201cLa gente est\u00e1 con una confusi\u00f3n enorme.&nbsp;<strong>Estas cosas de \u00faltimo momento, donde aparecen debates en el medio de la nada, lo \u00fanico que genera es una mescolanza de pol\u00edticos para pol\u00edticos<\/strong>&nbsp;y no una propuesta de cambio para la ciudadan\u00eda\u201d, a\u00f1adi\u00f3 en CNN radio.<\/p>\n\n\n\n<figure class=\"wp-block-image\"><img decoding=\"async\" src=\"https:\/\/tn.com.ar\/resizer\/jchM3GZL87uUCWtd_aq58NjbDoE=\/767x0\/smart\/filters:format(webp)\/cloudfront-us-east-1.images.arcpublishing.com\/artear\/ZLOSAW7XRZCBFDABW2WYXU6BV4.jpg\" alt=\"Patricia Bullrich junto a Luis Juez, Rodrigo De Loredo y Mario Negri en una foto en su visita a C\u00f3rdoba a principios de febrero (Foto: PRO).\"\/><\/figure>\n\n\n\n<p>\u201c<strong>No vamos a entregar a nuestra gente en C\u00f3rdoba, que esta peleando para ganarle a Schiaretti que est\u00e1 hace 24 a\u00f1os en el poder<\/strong>. No vamos a retroceder en la necesidad de un cambio profundo en C\u00f3rdoba\u201d, insisti\u00f3 Bullrich.<\/p>\n\n\n\n<p>\u201cEl acuerdo de gobernabilidad se puede hacer sin destruir todo en C\u00f3rdoba. El resto no est\u00e1 en discusi\u00f3n, sino c\u00f3mo hacemos con nuestra gente ah\u00ed.&nbsp;<strong>Si hacemos eso, la vamos a perder\u201d<\/strong>, analiz\u00f3.<\/p>\n\n\n\n<h2 class=\"wp-block-heading\">La c\u00fapula de Juntos por el Cambio se re\u00fane para tratar la incorporaci\u00f3n de Schiaretti a la coalici\u00f3n<\/h2>\n\n\n\n<p>Mientras que el ala m\u00e1s dialoguista del PRO apuesta a sumarlo a Schiaretti, los halcones se niegan. Sobre todo porque es rival pol\u00edtico en la provincia de C\u00f3rdoba. Juntos por el Cambio, con&nbsp;<strong>Luis Juez&nbsp;<\/strong>como candidato a gobernador y con<strong>&nbsp;Rodrigo De Loredo&nbsp;<\/strong>como candidato a intendente de la capital, compite con el peronismo de Schiaretti.<\/p>\n\n\n\n<p>En este contexto de tensi\u00f3n creciente es que\u00a0este Lunes a las 15 se reunen los cuatro presidentes de Juntos Por el Cambio <strong>Federico Angelini\u00a0<\/strong>(titular del PRO en lugar de su jefa pol\u00edtica, Patricia Bullrich),\u00a0<strong>Gerardo Morales<\/strong>\u00a0(UCR),<strong>\u00a0Maximiliano Ferraro<\/strong>\u00a0(Coalici\u00f3n C\u00edvica) y el peronista<strong>\u00a0Miguel Pichetto<\/strong>\u00a0(Encuentro Republicano Federal).<\/p>\n\n\n\n<figure class=\"wp-block-image\"><img decoding=\"async\" src=\"https:\/\/tn.com.ar\/resizer\/uhEB2JEYLvhpowL0qbLEzrp-gV4=\/767x0\/smart\/filters:format(webp)\/cloudfront-us-east-1.images.arcpublishing.com\/artear\/7K5ROPMOV5DTLMHD6H7VN5FQN4.jpeg\" alt=\"Reuni\u00f3n de los presidentes partidarios de Juntos por el Cambio: Gerardo Morales (UCR), Maximiliano Ferraro (CC-ARI), Miguel \u00c1ngel Pichetto (Peronismo Republicano) y Federico Angelini (PRO) via zoom.\"\/><\/figure>\n\n\n\n<p>Seg\u00fan adelantaron\u00a0fuentes cercanas a Patricia Bullrich, no habr\u00e1 consenso para ninguna decisi\u00f3n: \u201cSe va a discutir,\u00a0<strong>pero no se va a aprobar nada.<\/strong>\u00a0No vamos a terminar entregando a nuestra gente en C\u00f3rdoba por un caudal de votos m\u00ednimo que pueda aportar Schiaretti. Le abrimos la puerta a cualquier cosa\u201d.<\/p>\n\n\n\n<p>La lectura que hacen dentro del PRO y puntualmente en el bullrichismo es que Larreta, secundado por Morales, busca quebrar parte de la alianza y aislar a la exministra de Seguridad.<\/p>\n","protected":false},"excerpt":{"rendered":"<p>Hern\u00e1n Lombardi y Ricardo L\u00f3pez Murphy descartaron la posibilidad de ampliar la coalici\u00f3n con el gobernador cordob\u00e9s. Sin embargo, se mostraron abiertos a otro tipo de negociaciones. En el marco&hellip; <\/p>\n","protected":false},"author":8,"featured_media":65366,"comment_status":"closed","ping_status":"open","sticky":false,"template":"","format":"standard","meta":{"footnotes":""},"categories":[3],"tags":[],"class_list":["post-65365","post","type-post","status-publish","format-standard","has-post-thumbnail","hentry","category-politica"],"_links":{"self":[{"href":"https:\/\/corrientesdetarde.com\/index.php\/wp-json\/wp\/v2\/posts\/65365","targetHints":{"allow":["GET"]}}],"collection":[{"href":"https:\/\/corrientesdetarde.com\/index.php\/wp-json\/wp\/v2\/posts"}],"about":[{"href":"https:\/\/corrientesdetarde.com\/index.php\/wp-json\/wp\/v2\/types\/post"}],"author":[{"embeddable":true,"href":"https:\/\/corrientesdetarde.com\/index.php\/wp-json\/wp\/v2\/users\/8"}],"replies":[{"embeddable":true,"href":"https:\/\/corrientesdetarde.com\/index.php\/wp-json\/wp\/v2\/comments?post=65365"}],"version-history":[{"count":1,"href":"https:\/\/corrientesdetarde.com\/index.php\/wp-json\/wp\/v2\/posts\/65365\/revisions"}],"predecessor-version":[{"id":65367,"href":"https:\/\/corrientesdetarde.com\/index.php\/wp-json\/wp\/v2\/posts\/65365\/revisions\/65367"}],"wp:featuredmedia":[{"embeddable":true,"href":"https:\/\/corrientesdetarde.com\/index.php\/wp-json\/wp\/v2\/media\/65366"}],"wp:attachment":[{"href":"https:\/\/corrientesdetarde.com\/index.php\/wp-json\/wp\/v2\/media?parent=65365"}],"wp:term":[{"taxonomy":"category","embeddable":true,"href":"https:\/\/corrientesdetarde.com\/index.php\/wp-json\/wp\/v2\/categories?post=65365"},{"taxonomy":"post_tag","embeddable":true,"href":"https:\/\/corrientesdetarde.com\/index.php\/wp-json\/wp\/v2\/tags?post=65365"}],"curies":[{"name":"wp","href":"https:\/\/api.w.org\/{rel}","templated":true}]}}