{"id":65368,"date":"2023-06-05T16:33:25","date_gmt":"2023-06-05T19:33:25","guid":{"rendered":"https:\/\/corrientesdetarde.com\/?p=65368"},"modified":"2023-06-05T16:33:31","modified_gmt":"2023-06-05T19:33:31","slug":"se-cayo-whatsapp-usuarios-reportaron-interrupciones-en-el-servicio-de-la-aplicacion","status":"publish","type":"post","link":"https:\/\/corrientesdetarde.com\/index.php\/tecnologia\/se-cayo-whatsapp-usuarios-reportaron-interrupciones-en-el-servicio-de-la-aplicacion\/","title":{"rendered":"Se cay\u00f3 WhatsApp: usuarios reportaron interrupciones en el servicio de la aplicaci\u00f3n"},"content":{"rendered":"\n<p>Distintos usuarios manifestaron problemas en la aplicaci\u00f3n. Pasadas las 16:00 horas, ya se encontraba normalizado el servicio.<\/p>\n\n\n\n<p>Este lunes 5 de junio,\u00a0<strong>la aplicaci\u00f3n de WhatsApp present\u00f3 distintas fallas entre los usuarios,<\/strong>\u00a0quienes alertaron en las distintas redes sociales que algo hab\u00eda pasado. Pasadas las 15:00 horas, los problemas ya eran generales en todo el mundo.<\/p>\n\n\n\n<p>En su momento, se desconoci\u00f3 el alcance de la interrupci\u00f3n y la cantidad de usuarios afectados. La compa\u00f1\u00eda no public\u00f3 ning\u00fan comunicado oficial ni brind\u00f3 informaci\u00f3n sobre las razones detr\u00e1s del problema.<\/p>\n\n\n\n<p>Pasadas las 16:00 horas, ya se encontraba normalizado el servicio.<\/p>\n\n\n\n<h2 class=\"wp-block-heading\">WhatsApp implementar\u00e1 una nueva forma para identificar a los usuarios<\/h2>\n\n\n\n<p>En la actualidad, para agregar a una persona en\u00a0WathsApp\u00a0es necesario el\u00a0<strong>n\u00famero de tel\u00e9fono<\/strong>. Sin embargo, esto cambiar\u00e1 en el futuro para permitir una mayor seguridad y privacidad para los usuarios.<\/p>\n\n\n\n<p>WaBetaInfo indic\u00f3 que encontr\u00f3 una funci\u00f3n nueva dentro del&nbsp;<strong>c\u00f3digo<\/strong>&nbsp;de la&nbsp;<strong>aplicaci\u00f3n<\/strong>&nbsp;que permitir\u00eda en un futuro que los usuarios se agreguen a trav\u00e9s de un&nbsp;<strong>nombre<\/strong>&nbsp;<strong>usuario<\/strong>, en vez de utilizar el&nbsp;<strong>n\u00famero de tel\u00e9fono<\/strong>. Sin embargo, esta actualizaci\u00f3n est\u00e1 en desarrollo y todav\u00eda no empez\u00f3 la fase de pruebas con la&nbsp;<strong>versi\u00f3n beta<\/strong>.<\/p>\n\n\n\n<p>La nueva funcionalidad estar\u00e1 incluida en la&nbsp;<strong>actualizaci\u00f3n 2.22.25.10 de WhatsApp<\/strong>. Mediante esta herramienta resultar\u00e1 m\u00e1s f\u00e1cil identificar a los contactos que se perdieron. Por otro lado, tambi\u00e9n reforzar\u00e1 la&nbsp;<strong>seguridad<\/strong>&nbsp;y&nbsp;<strong>privacidad<\/strong>&nbsp;de los usuarios, ya que al no entregar el n\u00famero de tel\u00e9fono no se da ning\u00fan&nbsp;<strong>dato personal<\/strong>&nbsp;y que pueda desencadenar riesgos a futuro.<\/p>\n","protected":false},"excerpt":{"rendered":"<p>Distintos usuarios manifestaron problemas en la aplicaci\u00f3n. Pasadas las 16:00 horas, ya se encontraba normalizado el servicio. Este lunes 5 de junio,\u00a0la aplicaci\u00f3n de WhatsApp present\u00f3 distintas fallas entre los&hellip; <\/p>\n","protected":false},"author":8,"featured_media":65370,"comment_status":"closed","ping_status":"open","sticky":false,"template":"","format":"standard","meta":{"footnotes":""},"categories":[24],"tags":[],"class_list":["post-65368","post","type-post","status-publish","format-standard","has-post-thumbnail","hentry","category-tecnologia"],"_links":{"self":[{"href":"https:\/\/corrientesdetarde.com\/index.php\/wp-json\/wp\/v2\/posts\/65368","targetHints":{"allow":["GET"]}}],"collection":[{"href":"https:\/\/corrientesdetarde.com\/index.php\/wp-json\/wp\/v2\/posts"}],"about":[{"href":"https:\/\/corrientesdetarde.com\/index.php\/wp-json\/wp\/v2\/types\/post"}],"author":[{"embeddable":true,"href":"https:\/\/corrientesdetarde.com\/index.php\/wp-json\/wp\/v2\/users\/8"}],"replies":[{"embeddable":true,"href":"https:\/\/corrientesdetarde.com\/index.php\/wp-json\/wp\/v2\/comments?post=65368"}],"version-history":[{"count":1,"href":"https:\/\/corrientesdetarde.com\/index.php\/wp-json\/wp\/v2\/posts\/65368\/revisions"}],"predecessor-version":[{"id":65371,"href":"https:\/\/corrientesdetarde.com\/index.php\/wp-json\/wp\/v2\/posts\/65368\/revisions\/65371"}],"wp:featuredmedia":[{"embeddable":true,"href":"https:\/\/corrientesdetarde.com\/index.php\/wp-json\/wp\/v2\/media\/65370"}],"wp:attachment":[{"href":"https:\/\/corrientesdetarde.com\/index.php\/wp-json\/wp\/v2\/media?parent=65368"}],"wp:term":[{"taxonomy":"category","embeddable":true,"href":"https:\/\/corrientesdetarde.com\/index.php\/wp-json\/wp\/v2\/categories?post=65368"},{"taxonomy":"post_tag","embeddable":true,"href":"https:\/\/corrientesdetarde.com\/index.php\/wp-json\/wp\/v2\/tags?post=65368"}],"curies":[{"name":"wp","href":"https:\/\/api.w.org\/{rel}","templated":true}]}}