{"id":65372,"date":"2023-06-05T16:37:55","date_gmt":"2023-06-05T19:37:55","guid":{"rendered":"https:\/\/corrientesdetarde.com\/?p=65372"},"modified":"2023-06-05T16:38:10","modified_gmt":"2023-06-05T19:38:10","slug":"el-gobernador-habilito-el-sistema-integral-de-seguridad-911-del-departamento-de-monte-caseros","status":"publish","type":"post","link":"https:\/\/corrientesdetarde.com\/index.php\/locales\/el-gobernador-habilito-el-sistema-integral-de-seguridad-911-del-departamento-de-monte-caseros\/","title":{"rendered":"El Gobernador habilit\u00f3 el Sistema Integral de Seguridad 911 del Departamento de Monte Caseros"},"content":{"rendered":"\n<p><em>El Mandatario lleg\u00f3 este lunes pasado el mediod\u00eda a Monte Caseros, donde inaugur\u00f3 el nuevo Sistema Integral de Seguridad 911, de alta tecnolog\u00eda en el \u00e1rea y el cual contar\u00e1, entre otras cosas, con dos aplicaciones espec\u00edficas: una para denunciar casos de violencia de g\u00e9nero, y &#8220;vecino seguro&#8221;, que dispara una alarma de alg\u00fan ciudadano que requiera asistencia inmediata de la Polic\u00eda de Corrientes. Tambi\u00e9n, cubrir\u00e1 otros municipios del Departamento, como Juan Pujol, Mocoret\u00e1 y Colonia Libertad, adem\u00e1s de Curuz\u00fa Cuati\u00e1.<\/em><\/p>\n\n\n\n<p>El gobernador, Gustavo Vald\u00e9s, encabez\u00f3 este lunes la inauguraci\u00f3n y puesta en funcionamiento del Sistema Integral del Servicio de Emergencia Policial 911 en Monte Caseros, dependiente de la Unidad Regional III de Curuz\u00fa Cuati\u00e1, equipado con 150 c\u00e1maras de video vigilancia. El servicio est\u00e1 dise\u00f1ado para responder ante casos de seguridad, salud, violencia de g\u00e9nero con botones de alerta, llamados a bomberos o cualquier inconveniente de la poblaci\u00f3n.<\/p>\n\n\n\n<p>Iniciando el acto, el Jefe de Tropas, subcomisario Juan de la Cruz Robledo present\u00f3 la formaci\u00f3n especial 5 de Junio al gobernador Gustavo Vald\u00e9s, qui\u00e9n ofreci\u00f3 su saludo a la misma, junto al ministro de Seguridad, Buenaventura Duarte, el intendente, Juan Carlos \u00c1lvarez y el Jefe de la Polic\u00eda de Corrientes, Arnaldo Molina.<\/p>\n\n\n\n<p>En el marco de la apertura del nuevo sistema integral de seguridad 911, el gobernador de la provincia consider\u00f3, al tomar la palabra, que \u201clo que estamos instalando en Monte Caseros es de \u00faltima tecnolog\u00eda, y lo hace una empresa correntina a disposici\u00f3n de los vecinos, como lo haremos en Curuz\u00fa Cuati\u00e1, Mercedes, Santo Tom\u00e9, Virasoro e Ituzaing\u00f3\u201d.<\/p>\n\n\n\n<p>En este marco, el mandatario consider\u00f3 que la \u201cla eficiencia en el tiempo de respuestas del 911 no tiene que ir m\u00e1s all\u00e1 de los siete minutos\u201d, a la vez que se\u00f1al\u00f3 que, desde la Provincia, \u201cestamos preparando 500 oficiales, con una licitaci\u00f3n de 100 camionetas nuevas e incorporando 50 patrulleros m\u00e1s\u201d.<\/p>\n\n\n\n<p>Por otra parte, Vald\u00e9s dio cuenta que la C\u00e1mara de Diputados ha aprobado en el d\u00eda de la fecha, el proyecto del Ejecutivo Provincial que propone la creaci\u00f3n de 30 nuevas fiscal\u00edas, defensor\u00edas y asesor\u00edas para dinamizar la Justicia en la Provincia. \u201cNecesitamos estructuras s\u00f3lidas bajo la \u00f3rbita judicial que permitan investigar y esclarecer los hechos\u201d, se\u00f1al\u00f3 el mandatario, en este sentido.<\/p>\n\n\n\n<p>Por otra parte, el titular del Ejecutivo sostuvo que \u201csiempre es fundamental que lleguemos a la verdad, y el Poder Ejecutivo colabore con todos sus medios, junto a integralidad de nuestra Polic\u00eda\u201d.<\/p>\n\n\n\n<p><strong>Infraestructura para una mejor atenci\u00f3n en seguridad<\/strong><\/p>\n\n\n\n<p>La implementaci\u00f3n del Sistema 911, se suma a toda la infraestructura edilicia propia existente, que tiene como objetivo la seguridad para brindar m\u00e1s y mejor atenci\u00f3n a la comunidad de Monte Caseros y zonas aleda\u00f1as.<\/p>\n\n\n\n<p>El Sistema 911 cuenta con el m\u00e1s moderno equipamiento e infraestructura, vinculando simult\u00e1neamente a trav\u00e9s de la fibra \u00f3ptica 150 c\u00e1maras de video vigilancia distribuidas estrat\u00e9gicamente en toda la ciudad, donde adem\u00e1s de la seguridad se pueden atender requerimientos de manera inmediata en materia de siniestros viales, salud, incendios o violencia de g\u00e9nero sufridos por la sociedad civil las 24 horas del d\u00eda.<\/p>\n\n\n\n<p>Este edificio cuenta con un hall de acceso, oficinas de recepci\u00f3n, de denuncias telef\u00f3nicas, con una central propia de monitoreo y despacho, oficinas para el jefe de \u00e1rea, de central inform\u00e1tica, data center. Tambi\u00e9n una sala de situaci\u00f3n judicial, sanitarios, cocina, todo con un moderno equipamiento ubicada en zona c\u00e9ntrica de Monte Caseros.<\/p>\n\n\n\n<p>El moderno equipamiento se desarrolla en una superficie aproximada de 180 metros cuadrados, con una inversi\u00f3n de 25 millones de pesos.<\/p>\n\n\n\n<p>A su turno, el ministro de Seguridad, Buenaventura Duarte expres\u00f3 que \u201ceste 911 viene a complementar la parte de la gesti\u00f3n y la cuesti\u00f3n inform\u00e1tica que hace a la modernizaci\u00f3n de los sistemas\u201d.<\/p>\n\n\n\n<p>Finalmente, destac\u00f3 la inversi\u00f3n por parte del Gobierno provincial que realiza en materia de seguridad en los diferentes puntos del territorio.<\/p>\n\n\n\n<p><strong>Intendente Juan Carlos \u00c1lvarez<\/strong><\/p>\n\n\n\n<p>Por su parte, el intendente de Monte Caseros, Juan Carlos \u00c1lvarez indic\u00f3 que ante esta inauguraci\u00f3n \u201cestamos en presencia de un antes y un despu\u00e9s en materia de seguridad para la localidad\u201d.<\/p>\n\n\n\n<p>Seguidamente, hizo extensivo su agradecimiento por la inversi\u00f3n al Gobernador \u201cporque el municipio no escapa a la cuesti\u00f3n de inseguridad que tiene todo el pa\u00eds, por lo tanto, es fundamental contar con estas herramientas\u201d.<\/p>\n\n\n\n<p>A su vez, adelant\u00f3 que \u201cvamos avanzar en lo que es la tercera comisar\u00eda y prontamente el Gobernador va a anunciar la concreci\u00f3n de las 30 fiscal\u00edas que servir\u00e1n para darle celeridad a los temas que se tienen que responder con inmediatez\u201d. \u201cEsto nos da tranquilidad porque hay un Estado que se preocupa y se ocupa\u201d, concluy\u00f3 \u00c1lvarez.<\/p>\n\n\n\n<p><strong>Jefe de la Polic\u00eda de Corrientes<\/strong><\/p>\n\n\n\n<p>Al momento de tomar la palabra, el Jefe de la Polic\u00eda de Corrientes, Arnaldo Molina indic\u00f3 que \u201cvamos a contar con&nbsp;un espacio integral para dar mayor y mejores respuestas\u201d y agreg\u00f3: \u201ceste es un sistema que est\u00e1 constituido por tecnolog\u00eda avanzada\u201d.<\/p>\n\n\n\n<p>En lo que hace al sistema, explic\u00f3 que \u201cse podr\u00e1 observar la ciudad y ahora el vecino podr\u00e1 contar con este servicio en requerimiento de situaciones emergentes y de forma inmediata\u201d.<\/p>\n\n\n\n<p>Para cerrar, hizo referencia que en Corrientes existen en cuatro ciudades este sistema y \u201choy se suma Monte Caseros\u201d.<\/p>\n\n\n\n<p><strong>Representante del Sistema Integral 911<\/strong><\/p>\n\n\n\n<p>El representante de la empresa a cargo del Sistema Integral 911, Mariano Infante realiz\u00f3 la explicaci\u00f3n t\u00e9cnica del servicio diciendo: \u201ccontaremos con tres boxs de atenci\u00f3n donde se recepciona la llamada, luego se procede a la ejecuci\u00f3n de una carta que se traslada a un despacho y ah\u00ed hay otros tres boxs donde se procede a la designaci\u00f3n del personal policial para una pronta respuesta\u201d.<\/p>\n\n\n\n<p>\u201cTodo esto es trazable y las denuncias quedan grabadas, sumado al trabajo que realizamos con las 120 c\u00e1maras donde registran la imagen\u201d, afirm\u00f3 y a la vez, agreg\u00f3: \u201ccon el 911 sumamos la alarma para los vecinos seguros y en lo que hace a violencia de g\u00e9nero, espec\u00edficamente para la v\u00edctima tambi\u00e9n contamos con una alarmar\u201d.<\/p>\n\n\n\n<p><strong>Presencias<\/strong><\/p>\n\n\n\n<p>Tambi\u00e9n participaron del acto, el intendente de Monte Caseros, Juan Carlos \u00c1lvarez; el ministro de Seguridad, Buenaventura Duarte; el ministro de Coordinaci\u00f3n y Planificaci\u00f3n, Miguel Olivieri; ministros del Ejecutivo Provincial, secretarios y subsecretarios del gabinete Provincial, legisladores; el Jefe de la Polic\u00eda de Corrientes, Arnaldo Molina; autoridades comunales, concejales, docentes, alumnos y p\u00fablico en general.<\/p>\n\n\n\n<figure class=\"wp-block-image size-large\"><img loading=\"lazy\" decoding=\"async\" width=\"1024\" height=\"683\" src=\"https:\/\/corrientesdetarde.com\/wp-content\/uploads\/2023\/06\/image-157-1024x683.png\" alt=\"\" class=\"wp-image-65373\" srcset=\"https:\/\/corrientesdetarde.com\/wp-content\/uploads\/2023\/06\/image-157-1024x683.png 1024w, https:\/\/corrientesdetarde.com\/wp-content\/uploads\/2023\/06\/image-157-300x200.png 300w, https:\/\/corrientesdetarde.com\/wp-content\/uploads\/2023\/06\/image-157-768x512.png 768w, https:\/\/corrientesdetarde.com\/wp-content\/uploads\/2023\/06\/image-157-1536x1024.png 1536w, https:\/\/corrientesdetarde.com\/wp-content\/uploads\/2023\/06\/image-157-272x182.png 272w, https:\/\/corrientesdetarde.com\/wp-content\/uploads\/2023\/06\/image-157.png 1600w\" sizes=\"auto, (max-width: 1024px) 100vw, 1024px\" \/><\/figure>\n\n\n\n<figure class=\"wp-block-image size-large\"><img loading=\"lazy\" decoding=\"async\" width=\"1024\" height=\"683\" src=\"https:\/\/corrientesdetarde.com\/wp-content\/uploads\/2023\/06\/image-159-1024x683.png\" alt=\"\" class=\"wp-image-65375\" srcset=\"https:\/\/corrientesdetarde.com\/wp-content\/uploads\/2023\/06\/image-159-1024x683.png 1024w, https:\/\/corrientesdetarde.com\/wp-content\/uploads\/2023\/06\/image-159-300x200.png 300w, https:\/\/corrientesdetarde.com\/wp-content\/uploads\/2023\/06\/image-159-768x512.png 768w, https:\/\/corrientesdetarde.com\/wp-content\/uploads\/2023\/06\/image-159-1536x1024.png 1536w, https:\/\/corrientesdetarde.com\/wp-content\/uploads\/2023\/06\/image-159-272x182.png 272w, https:\/\/corrientesdetarde.com\/wp-content\/uploads\/2023\/06\/image-159.png 1600w\" sizes=\"auto, (max-width: 1024px) 100vw, 1024px\" \/><\/figure>\n\n\n\n<figure class=\"wp-block-image size-large\"><img loading=\"lazy\" decoding=\"async\" width=\"1024\" height=\"776\" src=\"https:\/\/corrientesdetarde.com\/wp-content\/uploads\/2023\/06\/image-160-1024x776.png\" alt=\"\" class=\"wp-image-65376\" srcset=\"https:\/\/corrientesdetarde.com\/wp-content\/uploads\/2023\/06\/image-160-1024x776.png 1024w, https:\/\/corrientesdetarde.com\/wp-content\/uploads\/2023\/06\/image-160-300x227.png 300w, https:\/\/corrientesdetarde.com\/wp-content\/uploads\/2023\/06\/image-160-768x582.png 768w, https:\/\/corrientesdetarde.com\/wp-content\/uploads\/2023\/06\/image-160-1536x1164.png 1536w, https:\/\/corrientesdetarde.com\/wp-content\/uploads\/2023\/06\/image-160.png 1600w\" sizes=\"auto, (max-width: 1024px) 100vw, 1024px\" \/><\/figure>\n\n\n\n<figure class=\"wp-block-image size-large\"><img loading=\"lazy\" decoding=\"async\" width=\"1024\" height=\"683\" src=\"https:\/\/corrientesdetarde.com\/wp-content\/uploads\/2023\/06\/image-161-1024x683.png\" alt=\"\" class=\"wp-image-65377\" srcset=\"https:\/\/corrientesdetarde.com\/wp-content\/uploads\/2023\/06\/image-161-1024x683.png 1024w, https:\/\/corrientesdetarde.com\/wp-content\/uploads\/2023\/06\/image-161-300x200.png 300w, https:\/\/corrientesdetarde.com\/wp-content\/uploads\/2023\/06\/image-161-768x512.png 768w, https:\/\/corrientesdetarde.com\/wp-content\/uploads\/2023\/06\/image-161-1536x1024.png 1536w, https:\/\/corrientesdetarde.com\/wp-content\/uploads\/2023\/06\/image-161-272x182.png 272w, https:\/\/corrientesdetarde.com\/wp-content\/uploads\/2023\/06\/image-161.png 1600w\" sizes=\"auto, (max-width: 1024px) 100vw, 1024px\" \/><\/figure>\n\n\n\n<figure class=\"wp-block-image size-large\"><img loading=\"lazy\" decoding=\"async\" width=\"1024\" height=\"683\" src=\"https:\/\/corrientesdetarde.com\/wp-content\/uploads\/2023\/06\/image-162-1024x683.png\" alt=\"\" class=\"wp-image-65378\" srcset=\"https:\/\/corrientesdetarde.com\/wp-content\/uploads\/2023\/06\/image-162-1024x683.png 1024w, https:\/\/corrientesdetarde.com\/wp-content\/uploads\/2023\/06\/image-162-300x200.png 300w, https:\/\/corrientesdetarde.com\/wp-content\/uploads\/2023\/06\/image-162-768x512.png 768w, https:\/\/corrientesdetarde.com\/wp-content\/uploads\/2023\/06\/image-162-1536x1024.png 1536w, https:\/\/corrientesdetarde.com\/wp-content\/uploads\/2023\/06\/image-162-272x182.png 272w, https:\/\/corrientesdetarde.com\/wp-content\/uploads\/2023\/06\/image-162.png 1600w\" sizes=\"auto, (max-width: 1024px) 100vw, 1024px\" \/><\/figure>\n","protected":false},"excerpt":{"rendered":"<p>El Mandatario lleg\u00f3 este lunes pasado el mediod\u00eda a Monte Caseros, donde inaugur\u00f3 el nuevo Sistema Integral de Seguridad 911, de alta tecnolog\u00eda en el \u00e1rea y el cual contar\u00e1,&hellip; <\/p>\n","protected":false},"author":8,"featured_media":65377,"comment_status":"closed","ping_status":"open","sticky":false,"template":"","format":"standard","meta":{"footnotes":""},"categories":[8],"tags":[],"class_list":["post-65372","post","type-post","status-publish","format-standard","has-post-thumbnail","hentry","category-locales"],"_links":{"self":[{"href":"https:\/\/corrientesdetarde.com\/index.php\/wp-json\/wp\/v2\/posts\/65372","targetHints":{"allow":["GET"]}}],"collection":[{"href":"https:\/\/corrientesdetarde.com\/index.php\/wp-json\/wp\/v2\/posts"}],"about":[{"href":"https:\/\/corrientesdetarde.com\/index.php\/wp-json\/wp\/v2\/types\/post"}],"author":[{"embeddable":true,"href":"https:\/\/corrientesdetarde.com\/index.php\/wp-json\/wp\/v2\/users\/8"}],"replies":[{"embeddable":true,"href":"https:\/\/corrientesdetarde.com\/index.php\/wp-json\/wp\/v2\/comments?post=65372"}],"version-history":[{"count":1,"href":"https:\/\/corrientesdetarde.com\/index.php\/wp-json\/wp\/v2\/posts\/65372\/revisions"}],"predecessor-version":[{"id":65379,"href":"https:\/\/corrientesdetarde.com\/index.php\/wp-json\/wp\/v2\/posts\/65372\/revisions\/65379"}],"wp:featuredmedia":[{"embeddable":true,"href":"https:\/\/corrientesdetarde.com\/index.php\/wp-json\/wp\/v2\/media\/65377"}],"wp:attachment":[{"href":"https:\/\/corrientesdetarde.com\/index.php\/wp-json\/wp\/v2\/media?parent=65372"}],"wp:term":[{"taxonomy":"category","embeddable":true,"href":"https:\/\/corrientesdetarde.com\/index.php\/wp-json\/wp\/v2\/categories?post=65372"},{"taxonomy":"post_tag","embeddable":true,"href":"https:\/\/corrientesdetarde.com\/index.php\/wp-json\/wp\/v2\/tags?post=65372"}],"curies":[{"name":"wp","href":"https:\/\/api.w.org\/{rel}","templated":true}]}}