{"id":65484,"date":"2023-06-06T10:19:24","date_gmt":"2023-06-06T13:19:24","guid":{"rendered":"https:\/\/corrientesdetarde.com\/?p=65484"},"modified":"2023-06-06T10:19:34","modified_gmt":"2023-06-06T13:19:34","slug":"los-cdi-provinciales-se-preparan-para-recordar-el-dia-de-la-bandera","status":"publish","type":"post","link":"https:\/\/corrientesdetarde.com\/index.php\/actualidad\/los-cdi-provinciales-se-preparan-para-recordar-el-dia-de-la-bandera\/","title":{"rendered":"Los CDI Provinciales se preparan para recordar el D\u00eda de la Bandera"},"content":{"rendered":"\n<p>En la ma\u00f1ana de este lunes 5, se realiz\u00f3 la reuni\u00f3n de Directoras de Centros de Desarrollo Infantil dependientes del Ministerio de Desarrollo Social de la provincia a cargo de Ad\u00e1n Gaya en el CDI Mam\u00e1 Margarita ubicado en Catamarca al 1260. La misma, se llev\u00f3 a cabo con el objetivo de organizar el acto por el D\u00eda de la Bandera y el Paso a la Inmortalidad del General Manuel Belgrano y la reuni\u00f3n estuvo encabezada por el Director de los Derechos de la Ni\u00f1ez y la Familia Lic. Manuel\u00a0Santamar\u00eda.<\/p>\n\n\n\n<figure class=\"wp-block-image size-large\"><img loading=\"lazy\" decoding=\"async\" width=\"1024\" height=\"768\" src=\"https:\/\/corrientesdetarde.com\/wp-content\/uploads\/2023\/06\/b1fc4f1bd7db9d51ba7af61cfbf6f2ef3831028f-1024x768.jpg\" alt=\"\" class=\"wp-image-65486\" srcset=\"https:\/\/corrientesdetarde.com\/wp-content\/uploads\/2023\/06\/b1fc4f1bd7db9d51ba7af61cfbf6f2ef3831028f-1024x768.jpg 1024w, https:\/\/corrientesdetarde.com\/wp-content\/uploads\/2023\/06\/b1fc4f1bd7db9d51ba7af61cfbf6f2ef3831028f-300x225.jpg 300w, https:\/\/corrientesdetarde.com\/wp-content\/uploads\/2023\/06\/b1fc4f1bd7db9d51ba7af61cfbf6f2ef3831028f-768x576.jpg 768w, https:\/\/corrientesdetarde.com\/wp-content\/uploads\/2023\/06\/b1fc4f1bd7db9d51ba7af61cfbf6f2ef3831028f.jpg 1280w\" sizes=\"auto, (max-width: 1024px) 100vw, 1024px\" \/><\/figure>\n\n\n\n<p>El Acto por el D\u00eda de la Bandera de los CDI se realizar\u00e1 el martes 21 de Junio en la Plaza Manuel Belgrano a las 9.30 hs debajo del Puente 3 de Abril y Pago Largo.<\/p>\n\n\n\n<p>Los ni\u00f1os har\u00e1n un peque\u00f1o desfile por la misma con camisetas argentinas y banderines para luego hacer la promesa a la bandera.<\/p>\n\n\n\n<p>El CDI Mam\u00e1 Margarita junto al CDI Padre Mujica y el CDI Mamita ser\u00e1n las instituciones coordinadoras del evento.<\/p>\n\n\n\n<p>Participar\u00e1n del acto los 17 Centros de Desarrollo Infantil dependientes del Gobierno Provincial de la Capital.<\/p>\n","protected":false},"excerpt":{"rendered":"<p>En la ma\u00f1ana de este lunes 5, se realiz\u00f3 la reuni\u00f3n de Directoras de Centros de Desarrollo Infantil dependientes del Ministerio de Desarrollo Social de la provincia a cargo de&hellip; <\/p>\n","protected":false},"author":4,"featured_media":65485,"comment_status":"closed","ping_status":"open","sticky":false,"template":"","format":"standard","meta":{"footnotes":""},"categories":[23],"tags":[],"class_list":["post-65484","post","type-post","status-publish","format-standard","has-post-thumbnail","hentry","category-actualidad"],"_links":{"self":[{"href":"https:\/\/corrientesdetarde.com\/index.php\/wp-json\/wp\/v2\/posts\/65484","targetHints":{"allow":["GET"]}}],"collection":[{"href":"https:\/\/corrientesdetarde.com\/index.php\/wp-json\/wp\/v2\/posts"}],"about":[{"href":"https:\/\/corrientesdetarde.com\/index.php\/wp-json\/wp\/v2\/types\/post"}],"author":[{"embeddable":true,"href":"https:\/\/corrientesdetarde.com\/index.php\/wp-json\/wp\/v2\/users\/4"}],"replies":[{"embeddable":true,"href":"https:\/\/corrientesdetarde.com\/index.php\/wp-json\/wp\/v2\/comments?post=65484"}],"version-history":[{"count":1,"href":"https:\/\/corrientesdetarde.com\/index.php\/wp-json\/wp\/v2\/posts\/65484\/revisions"}],"predecessor-version":[{"id":65487,"href":"https:\/\/corrientesdetarde.com\/index.php\/wp-json\/wp\/v2\/posts\/65484\/revisions\/65487"}],"wp:featuredmedia":[{"embeddable":true,"href":"https:\/\/corrientesdetarde.com\/index.php\/wp-json\/wp\/v2\/media\/65485"}],"wp:attachment":[{"href":"https:\/\/corrientesdetarde.com\/index.php\/wp-json\/wp\/v2\/media?parent=65484"}],"wp:term":[{"taxonomy":"category","embeddable":true,"href":"https:\/\/corrientesdetarde.com\/index.php\/wp-json\/wp\/v2\/categories?post=65484"},{"taxonomy":"post_tag","embeddable":true,"href":"https:\/\/corrientesdetarde.com\/index.php\/wp-json\/wp\/v2\/tags?post=65484"}],"curies":[{"name":"wp","href":"https:\/\/api.w.org\/{rel}","templated":true}]}}