{"id":65488,"date":"2023-06-06T10:22:19","date_gmt":"2023-06-06T13:22:19","guid":{"rendered":"https:\/\/corrientesdetarde.com\/?p=65488"},"modified":"2023-06-06T10:22:23","modified_gmt":"2023-06-06T13:22:23","slug":"acto-de-ecovamos-corrientes","status":"publish","type":"post","link":"https:\/\/corrientesdetarde.com\/index.php\/locales\/acto-de-ecovamos-corrientes\/","title":{"rendered":"ACTO DE ECO+VAMOS CORRIENTES"},"content":{"rendered":"\n<p>Pedro Braillard Poccard inst\u00f3 al protagonismo activo de los j\u00f3venes en la pol\u00edtica<\/p>\n\n\n\n<p>El vicegobernador Pedro Braillard Poccard, junto al gobernador Gustavo Vald\u00e9s, particip\u00f3 en el acto de campa\u00f1a que organizaron las juventudes militantes de ECO+Vamos Corrientes, este lunes en el club C\u00f3rdoba de la capital provincial. All\u00ed el vicejefe de Estado, les pidi\u00f3 a los j\u00f3venes que &#8220;le pongan el hombro a la patria como protagonistas activos&#8221;.El tradicional club C\u00f3rdoba, ubicado en la esquina de Catamarca y San Mart\u00edn de la ciudad de Corrientes, estuvo colmado este lunes de la juventud militante de cada uno de los 32 partidos que integran ECO+Vamos Corrientes con un acto que dio inicio a las 19 y en el que los j\u00f3venes fueron los protagonistas, ya que todos los candidatos que hablaron en la ocasi\u00f3n no superaron los 30 a\u00f1os de edad. Tambi\u00e9n estuvieron all\u00ed y le hablaron a la juventud, adem\u00e1s del gobernador Gustavo Vald\u00e9s, el vicegobernador Pedro Braillard Poccard, el intendente Eduardo Tassano y la candidata a diputada provincial y presidente de la JR Nacional, Valeria Pav\u00f3n.Al tomar la palabra, Braillard Poccard expres\u00f3 su alegr\u00eda por &#8220;ver que todos los partidos que integramos ECO+Corrientes tenemos una juventud pujante que sale a asumir su realidad y si tenemos j\u00f3venes comprometidos, nuestra provincia tiene futuro. A los j\u00f3venes le digo que la Argentina est\u00e1 pasando un momento muy dif\u00edcil, por la inseguridad, el narcotr\u00e1fico en algunos lugares del pa\u00eds, y la inflaci\u00f3n que castiga a todo el pa\u00eds, por eso le pido a los j\u00f3venes que le pongan el hombro a la patria como protagonistas activos, porque tienen la herramienta poderosa de la democracia que es el sufragio. Y sepan que en nuestro Gobierno todos los proyectos de los j\u00f3venes son escuchados&#8221;.&#8221;Sue\u00f1en y crean en el futuro de Corrientes y la Argentina&#8221;, les dijo el Vicegobernador a los miles de j\u00f3venes presentes de todos los partidos de ECO+Vamos Corrientes, asegurando que &#8220;en esta alianza van a encontrar siempre una puerta abierta para hacer realidad esos sue\u00f1os y proyectos, el progreso est\u00e1 ac\u00e1 y ustedes son los grandes protagonistas&#8221;.<br>Tambi\u00e9n fueron oradores en este acto de la juventud de ECO+Vamos Corrientes, los candidatos a concejales: Maximiliano Leyes (Yapey\u00fa), Nicolas Scofano (Bella Vista), Nicolas Alvarez (Curuz\u00fa Cuati\u00e1), Moar Gomez (Itat\u00ed), y de la Capital, Sandra Olivera\u00a0y\u00a0Lilian\u00a0Cano.<\/p>\n\n\n\n<figure class=\"wp-block-image size-large\"><img loading=\"lazy\" decoding=\"async\" width=\"1024\" height=\"683\" src=\"https:\/\/corrientesdetarde.com\/wp-content\/uploads\/2023\/06\/WhatsApp-Image-2023-06-06-at-10.18.59-1024x683.jpg\" alt=\"\" class=\"wp-image-65491\" srcset=\"https:\/\/corrientesdetarde.com\/wp-content\/uploads\/2023\/06\/WhatsApp-Image-2023-06-06-at-10.18.59-1024x683.jpg 1024w, https:\/\/corrientesdetarde.com\/wp-content\/uploads\/2023\/06\/WhatsApp-Image-2023-06-06-at-10.18.59-300x200.jpg 300w, https:\/\/corrientesdetarde.com\/wp-content\/uploads\/2023\/06\/WhatsApp-Image-2023-06-06-at-10.18.59-768x512.jpg 768w, https:\/\/corrientesdetarde.com\/wp-content\/uploads\/2023\/06\/WhatsApp-Image-2023-06-06-at-10.18.59-1536x1024.jpg 1536w, https:\/\/corrientesdetarde.com\/wp-content\/uploads\/2023\/06\/WhatsApp-Image-2023-06-06-at-10.18.59-272x182.jpg 272w, https:\/\/corrientesdetarde.com\/wp-content\/uploads\/2023\/06\/WhatsApp-Image-2023-06-06-at-10.18.59.jpg 1599w\" sizes=\"auto, (max-width: 1024px) 100vw, 1024px\" \/><\/figure>\n","protected":false},"excerpt":{"rendered":"<p>Pedro Braillard Poccard inst\u00f3 al protagonismo activo de los j\u00f3venes en la pol\u00edtica El vicegobernador Pedro Braillard Poccard, junto al gobernador Gustavo Vald\u00e9s, particip\u00f3 en el acto de campa\u00f1a que&hellip; <\/p>\n","protected":false},"author":1,"featured_media":65492,"comment_status":"closed","ping_status":"open","sticky":false,"template":"","format":"standard","meta":{"footnotes":""},"categories":[8],"tags":[],"class_list":["post-65488","post","type-post","status-publish","format-standard","has-post-thumbnail","hentry","category-locales"],"_links":{"self":[{"href":"https:\/\/corrientesdetarde.com\/index.php\/wp-json\/wp\/v2\/posts\/65488","targetHints":{"allow":["GET"]}}],"collection":[{"href":"https:\/\/corrientesdetarde.com\/index.php\/wp-json\/wp\/v2\/posts"}],"about":[{"href":"https:\/\/corrientesdetarde.com\/index.php\/wp-json\/wp\/v2\/types\/post"}],"author":[{"embeddable":true,"href":"https:\/\/corrientesdetarde.com\/index.php\/wp-json\/wp\/v2\/users\/1"}],"replies":[{"embeddable":true,"href":"https:\/\/corrientesdetarde.com\/index.php\/wp-json\/wp\/v2\/comments?post=65488"}],"version-history":[{"count":1,"href":"https:\/\/corrientesdetarde.com\/index.php\/wp-json\/wp\/v2\/posts\/65488\/revisions"}],"predecessor-version":[{"id":65494,"href":"https:\/\/corrientesdetarde.com\/index.php\/wp-json\/wp\/v2\/posts\/65488\/revisions\/65494"}],"wp:featuredmedia":[{"embeddable":true,"href":"https:\/\/corrientesdetarde.com\/index.php\/wp-json\/wp\/v2\/media\/65492"}],"wp:attachment":[{"href":"https:\/\/corrientesdetarde.com\/index.php\/wp-json\/wp\/v2\/media?parent=65488"}],"wp:term":[{"taxonomy":"category","embeddable":true,"href":"https:\/\/corrientesdetarde.com\/index.php\/wp-json\/wp\/v2\/categories?post=65488"},{"taxonomy":"post_tag","embeddable":true,"href":"https:\/\/corrientesdetarde.com\/index.php\/wp-json\/wp\/v2\/tags?post=65488"}],"curies":[{"name":"wp","href":"https:\/\/api.w.org\/{rel}","templated":true}]}}