{"id":65490,"date":"2023-06-06T10:27:24","date_gmt":"2023-06-06T13:27:24","guid":{"rendered":"https:\/\/corrientesdetarde.com\/?p=65490"},"modified":"2023-06-06T10:32:41","modified_gmt":"2023-06-06T13:32:41","slug":"por-la-alta-demanda-todos-los-dias-dela-semana-habra-ferias-de-la-ciudad","status":"publish","type":"post","link":"https:\/\/corrientesdetarde.com\/index.php\/sociales\/por-la-alta-demanda-todos-los-dias-dela-semana-habra-ferias-de-la-ciudad\/","title":{"rendered":"Por la alta demanda, todos los d\u00edas de la semana habr\u00e1 Ferias de la Ciudad"},"content":{"rendered":"\n<p><em>Los feriantes capitalinos llevaron este lunes sus ofertas y productos de calidad a la plaza Rep\u00fablica del Per\u00fa del barrio Mil Viviendas y a la plazoleta Los Inmigrantes del Ber\u00f3n de Astrada. De esta manera, la Municipalidad suma un d\u00eda m\u00e1s al cronograma habitual.<\/em><\/p>\n\n\n\n<figure class=\"wp-block-image size-large\"><img loading=\"lazy\" decoding=\"async\" width=\"1024\" height=\"676\" src=\"https:\/\/corrientesdetarde.com\/wp-content\/uploads\/2023\/06\/Captura-de-pantalla-2023-06-06-102128-1024x676.png\" alt=\"\" class=\"wp-image-65496\" srcset=\"https:\/\/corrientesdetarde.com\/wp-content\/uploads\/2023\/06\/Captura-de-pantalla-2023-06-06-102128-1024x676.png 1024w, https:\/\/corrientesdetarde.com\/wp-content\/uploads\/2023\/06\/Captura-de-pantalla-2023-06-06-102128-300x198.png 300w, https:\/\/corrientesdetarde.com\/wp-content\/uploads\/2023\/06\/Captura-de-pantalla-2023-06-06-102128-768x507.png 768w, https:\/\/corrientesdetarde.com\/wp-content\/uploads\/2023\/06\/Captura-de-pantalla-2023-06-06-102128.png 1257w\" sizes=\"auto, (max-width: 1024px) 100vw, 1024px\" \/><\/figure>\n\n\n\n<p>Con el objetivo de colaborar con la econom\u00eda familiar, las Ferias de la Ciudad incorporaron el d\u00eda lunes a su recorrido habitual, en esta oportunidad en los espacios p\u00fablicos de los barrios Mil Viviendas y Ber\u00f3n de Astrada. Organizado por la Municipalidad de Corrientes, los feriantes ofrecieron diversos productos de calidad y a bajos precios.<br><br>Se trata de una acci\u00f3n coordinada por la secretar\u00eda de Desarrollo Econ\u00f3mico municipal, a trav\u00e9s de la subsecretar\u00eda de Econom\u00eda Social.<br><br>En este primer lunes de ferias, se llevaron adelante en la plaza Rep\u00fablica del Per\u00fa y plazoleta Los Inmigrantes.<\/p>\n\n\n\n<figure class=\"wp-block-image size-large\"><img loading=\"lazy\" decoding=\"async\" width=\"1024\" height=\"684\" src=\"https:\/\/corrientesdetarde.com\/wp-content\/uploads\/2023\/06\/Captura-de-pantalla-2023-06-06-102107-1024x684.png\" alt=\"\" class=\"wp-image-65493\" srcset=\"https:\/\/corrientesdetarde.com\/wp-content\/uploads\/2023\/06\/Captura-de-pantalla-2023-06-06-102107-1024x684.png 1024w, https:\/\/corrientesdetarde.com\/wp-content\/uploads\/2023\/06\/Captura-de-pantalla-2023-06-06-102107-300x200.png 300w, https:\/\/corrientesdetarde.com\/wp-content\/uploads\/2023\/06\/Captura-de-pantalla-2023-06-06-102107-768x513.png 768w, https:\/\/corrientesdetarde.com\/wp-content\/uploads\/2023\/06\/Captura-de-pantalla-2023-06-06-102107-272x182.png 272w, https:\/\/corrientesdetarde.com\/wp-content\/uploads\/2023\/06\/Captura-de-pantalla-2023-06-06-102107.png 1256w\" sizes=\"auto, (max-width: 1024px) 100vw, 1024px\" \/><\/figure>\n\n\n\n<p><br><br>El director general de Fortalecimiento Productivo del municipio, Guillermo Grimaldi, precis\u00f3 que \u201cse tom\u00f3 esta decisi\u00f3n debido a que los viernes en estos dos espacios p\u00fablicos se registraba una gran presencia de vecinos y una alta demanda\u201d.<br><br>En ese sentido, el funcionario sostuvo que tambi\u00e9n permite \u201cdescentralizar las Ferias de la Ciudad, llevando mayor cantidad de ofertas a los barrios y diferentes plazas\u201d. A su vez, se\u00f1al\u00f3 que en ambos espacios se distribuyeron 12 feriantes.<br><br>Confirm\u00f3 adem\u00e1s que el martes 6 continuar\u00e1 en las plazas Libertad (San Mart\u00edn y Per\u00fa) y Los Amigos (Juan Pujol \u2013Poncho Verde- y Brasil) del barrio Libertad.<br><br>Ya el mi\u00e9rcoles 7, los feriantes estar\u00e1n apostados en la plaza Torrent del barrio Centro (San Lorenzo y Bol\u00edvar) y en plaza Evita del Ber\u00f3n de Astrada (Av. Sarmiento y Av. Maip\u00fa).<br><br>En tanto, el jueves 8, la cita ser\u00e1 en el barrio La Cruz, en la plaza del mismo nombre, ubicada en Salta y Belgrano.<br><br>El viernes 9, la feria llegar\u00e1 a los barrios Mil Viviendas (plaza Rep\u00fablica del Per\u00fa en Av. Patagonia entre Av. La Paz y Av. Paysand\u00fa); Ber\u00f3n de Astrada (plazoleta de los Inmigrantes en Ac Correa Fern\u00e1ndez y Av. Sarmiento); y Santa Mar\u00eda (plaza los Constituyentes en R\u00edo Limay y Congreso).<br><br>El s\u00e1bado 10, al habitual desembarco en el parque Mitre, de 8 a 13; se suma la propuesta vespertina en el Paseo Arazaty, de 15 a 22.<br><br>Y finalmente el domingo 11, cerrando la semana, el escenario volver\u00e1 a ser el Paseo Arazaty, en el habitual horario de 10 a 22.<br><br>CRONOGRAMA<br><br>Martes 6 de junio: plazas Libertad y Los Amigos.<br><br>Mi\u00e9rcoles 7 de junio: plazas Torrent y Evita.<br><br>Jueves 8 de junio: plaza La Cruz<br><br>Viernes 9 de junio: plaza Rep\u00fablica del Per\u00fa; plazoleta de Los Inmigrantes; y plaza Los Constituyentes.<br><br>S\u00e1bado 10 de junio: parque Mitre (8 a 13) y Paseo Arazaty (15 a 22).<br><br>Domingo 11: Paseo Arazaty (de 10 a 22).<\/p>\n","protected":false},"excerpt":{"rendered":"<p>Los feriantes capitalinos llevaron este lunes sus ofertas y productos de calidad a la plaza Rep\u00fablica del Per\u00fa del barrio Mil Viviendas y a la plazoleta Los Inmigrantes del Ber\u00f3n&hellip; <\/p>\n","protected":false},"author":4,"featured_media":65497,"comment_status":"closed","ping_status":"open","sticky":false,"template":"","format":"standard","meta":{"footnotes":""},"categories":[17],"tags":[],"class_list":["post-65490","post","type-post","status-publish","format-standard","has-post-thumbnail","hentry","category-sociales"],"_links":{"self":[{"href":"https:\/\/corrientesdetarde.com\/index.php\/wp-json\/wp\/v2\/posts\/65490","targetHints":{"allow":["GET"]}}],"collection":[{"href":"https:\/\/corrientesdetarde.com\/index.php\/wp-json\/wp\/v2\/posts"}],"about":[{"href":"https:\/\/corrientesdetarde.com\/index.php\/wp-json\/wp\/v2\/types\/post"}],"author":[{"embeddable":true,"href":"https:\/\/corrientesdetarde.com\/index.php\/wp-json\/wp\/v2\/users\/4"}],"replies":[{"embeddable":true,"href":"https:\/\/corrientesdetarde.com\/index.php\/wp-json\/wp\/v2\/comments?post=65490"}],"version-history":[{"count":2,"href":"https:\/\/corrientesdetarde.com\/index.php\/wp-json\/wp\/v2\/posts\/65490\/revisions"}],"predecessor-version":[{"id":65505,"href":"https:\/\/corrientesdetarde.com\/index.php\/wp-json\/wp\/v2\/posts\/65490\/revisions\/65505"}],"wp:featuredmedia":[{"embeddable":true,"href":"https:\/\/corrientesdetarde.com\/index.php\/wp-json\/wp\/v2\/media\/65497"}],"wp:attachment":[{"href":"https:\/\/corrientesdetarde.com\/index.php\/wp-json\/wp\/v2\/media?parent=65490"}],"wp:term":[{"taxonomy":"category","embeddable":true,"href":"https:\/\/corrientesdetarde.com\/index.php\/wp-json\/wp\/v2\/categories?post=65490"},{"taxonomy":"post_tag","embeddable":true,"href":"https:\/\/corrientesdetarde.com\/index.php\/wp-json\/wp\/v2\/tags?post=65490"}],"curies":[{"name":"wp","href":"https:\/\/api.w.org\/{rel}","templated":true}]}}