{"id":65579,"date":"2023-06-06T15:21:22","date_gmt":"2023-06-06T18:21:22","guid":{"rendered":"https:\/\/corrientesdetarde.com\/?p=65579"},"modified":"2023-06-06T15:21:25","modified_gmt":"2023-06-06T18:21:25","slug":"el-banco-mundial-volvio-a-empeorar-su-pronostico-para-la-argentina-y-espera-que-caiga-2-en-2023","status":"publish","type":"post","link":"https:\/\/corrientesdetarde.com\/index.php\/economia\/el-banco-mundial-volvio-a-empeorar-su-pronostico-para-la-argentina-y-espera-que-caiga-2-en-2023\/","title":{"rendered":"El Banco Mundial volvi\u00f3 a empeorar su pron\u00f3stico para la Argentina y espera que caiga 2% en 2023"},"content":{"rendered":"\n<p>El organismo multilateral estima que el pa\u00eds entrar\u00e1 en recesi\u00f3n este a\u00f1o por los efectos de la sequ\u00eda extrema. Representa un recorte de cuatros puntos desde las previsiones de comienzos de 2023.<\/p>\n\n\n\n<p>El\u00a0<strong>Banco Mundial<\/strong>\u00a0volvi\u00f3 a recortar\u00a0su\u00a0<strong>previsi\u00f3n de crecimiento<\/strong>\u00a0para la\u00a0<strong>Argentina\u00a0<\/strong>este a\u00f1o. Seg\u00fan las \u00faltimas estimaciones, el pa\u00eds entrar\u00e1 en\u00a0recesi\u00f3n en 2023, con una\u00a0<strong>ca\u00edda del 2%\u00a0<\/strong>del Producto Bruto Interno (<strong>PBI<\/strong>).<\/p>\n\n\n\n<p>En el reporte, difundido este martes, el organismo con sede en Washington se\u00f1ala que \u201cse proyecta que la econom\u00eda de Argentina caer\u00e1 un 2% en 2023 y luego\u00a0<strong>crecer\u00e1 a un 2,3% en 2024<\/strong>\u00a0a medida que se recupere de la\u00a0<strong>gran\u00a0<\/strong>sequ\u00eda de este a\u00f1o\u201d.<\/p>\n\n\n\n<p>El Banco Mundial plante\u00f3 que \u201cla sequ\u00eda ha causado&nbsp;<strong>disminuciones en las cosechas de soja y ma\u00edz<\/strong>, los principales productos b\u00e1sicos de exportaci\u00f3n, equivalentes al 3% del PBI\u201d y que \u201ctambi\u00e9n ha afectado gravemente a la producci\u00f3n de&nbsp;<strong>trigo<\/strong>\u201d.<\/p>\n\n\n\n<p>En esa l\u00ednea, el documento describe adem\u00e1s otro factor externo que agrega un impacto negativo: \u201cLa\u00a0<strong>desaceleraci\u00f3n econ\u00f3mica de este a\u00f1o en Brasil<\/strong>, el principal socio comercial de Argentina, pesar\u00e1 sobre las exportaciones no relacionadas con las materias primas del pa\u00eds\u201d.<\/p>\n\n\n\n<p>Tambi\u00e9n se\u00f1ala que \u201cla\u00a0<strong>escasez resultante de divisas<\/strong>\u00a0crear\u00e1 dificultades para los importadores, especialmente los de las industrias no agr\u00edcolas\u201d. Adem\u00e1s, \u201cla\u00a0inflaci\u00f3n ha seguido creciendo, superando el 100% anual\u201d.<\/p>\n\n\n\n<p>Los n\u00fameros del informe representan una&nbsp;<strong>ca\u00edda de cuatro puntos respecto de enero<\/strong>, cuando se preve\u00eda un crecimiento del 2%, y son m\u00e1s dr\u00e1sticos a\u00fan que las estimaciones m\u00e1s recientes del&nbsp;<strong>Fondo Monetario Internacional (FMI)<\/strong>, que en abril hab\u00eda vaticinado para la Argentina un crecimiento -casi nulo- del&nbsp;<strong>0,2%<\/strong>.<\/p>\n\n\n\n<h2 class=\"wp-block-heading\">Cu\u00e1nto crecer\u00e1 la econom\u00eda global en 2023 seg\u00fan el Banco Mundial<\/h2>\n\n\n\n<p>El&nbsp;<strong>Banco Mundial<\/strong>&nbsp;aument\u00f3 su previsi\u00f3n de crecimiento global hasta el&nbsp;<strong>2,1%&nbsp;<\/strong>en 2023, cuatro d\u00e9cimas m\u00e1s que sus anteriores estimaciones, mientras que redujo en tres d\u00e9cimas sus perspectivas de crecimiento para 2024, hasta el 2,4.<\/p>\n\n\n\n<p>El organismo advirti\u00f3, sin embargo, de la&nbsp;<strong>vulnerabilidad de las econom\u00edas en desarrollo<\/strong>&nbsp;por los efectos de las subidas de tipos para combatir la&nbsp;<strong>inflaci\u00f3n<\/strong>.<\/p>\n\n\n\n<p>La econom\u00eda mundial, se\u00f1ala el Banco, permanece en<strong>\u00a0\u201cun estado precario\u201d<\/strong>\u00a0en medio de los efectos prolongados de la pandemia, la guerra de Ucrania y el fuerte\u00a0<strong>endurecimiento de la pol\u00edtica monetaria<\/strong>\u00a0para contener la alta inflaci\u00f3n.<\/p>\n\n\n\n<p>En su nuevo informe, el banco de desarrollo dej\u00f3 claro que la&nbsp;<strong>resiliencia&nbsp;<\/strong>que mostraron la mayor\u00eda de pa\u00edses a lo largo de 2022, cuando la econom\u00eda global creci\u00f3 un 3,1% pese a la crisis energ\u00e9tica y la guerra en Ucrania, se desvanecer\u00e1.<\/p>\n\n\n\n<p>\u201cMe temo que este es otro informe sombr\u00edo ya que esperamos que la desaceleraci\u00f3n aguda y sincronizada del a\u00f1o pasado continu\u00e9 durante este a\u00f1o\u201d, apunt\u00f3 en una llamada con medios el economista jefe del banco,&nbsp;<strong>Indermit Gill<\/strong>, quien destac\u00f3 que el pobre crecimiento ser\u00e1 sincronizado porque&nbsp;<strong>dos de cada tres econom\u00edas tendr\u00e1n este a\u00f1o una tasa de crecimiento menor<\/strong>&nbsp;que la del a\u00f1o pasado.<\/p>\n\n\n\n<p>Aunque el banco ha mejorado sus perspectivas con respecto a enero, deja claro en su informe que la mejora se debe solo a que el crecimiento de algunas de las econom\u00edas m\u00e1s importantes fue m\u00e1s fuerte de lo previsto gracias a la\u00a0<strong>r\u00e1pida reapertura econ\u00f3mica de China<\/strong>\u00a0y a un\u00a0<strong>consumo resistente en Estados Unidos<\/strong>. Sin embargo, \u201clas recientes tensiones en el sector bancario endurecer\u00e1n a\u00fan m\u00e1s las condiciones crediticias y esto resultar\u00e1 en una desaceleraci\u00f3n sustancial del crecimiento en la segunda mitad de este a\u00f1o\u201d, afirma el Banco Mundial.<\/p>\n\n\n\n<p>As\u00ed, para 2023 en su conjunto&nbsp;<strong>se prev\u00e9 que la actividad mundial se frene<\/strong>, con una desaceleraci\u00f3n pronunciada en las econom\u00edas avanzadas, que registrar\u00e1n un crecimiento de solo el 0,7 % (dos d\u00e9cimas m\u00e1s que lo anteriormente estimado) este a\u00f1o y del 1,2 % el a\u00f1o que viene (cuatro d\u00e9cimas menos de lo previsto en enero).<\/p>\n\n\n\n<p>Sobre&nbsp;<strong>Am\u00e9rica Latina y el Caribe<\/strong>, las proyecciones del Banco Mundial se\u00f1alan que&nbsp;<strong>la regi\u00f3n crecer\u00e1 apenas un 1,5%&nbsp;<\/strong>durante este a\u00f1o, dos d\u00e9cimas m\u00e1s que lo antes estimado, aunque el grupo destaca que en lo que va de 2023 la confianza de los consumidores se ha ido despejando y los precios de las materias primas se han recuperado en parte.<\/p>\n\n\n\n<p>Entre las principales econom\u00edas de la regi\u00f3n destaca&nbsp;<strong>M\u00e9xico<\/strong>, que crecer\u00e1 un 2,5 % este a\u00f1o (aunque se desacelerar\u00e1 hasta el 1,9 % en 2024), y&nbsp;<strong>Brasil<\/strong>, que mantendr\u00e1 unas cifras muy modestas los dos a\u00f1os (1,2 % en 2023 y 1,4 % en 2024). Adem\u00e1s de Argentina, la econom\u00eda de&nbsp;<strong>Chile&nbsp;<\/strong>tambi\u00e9n se contraer\u00e1, un 0,8 %.<\/p>\n","protected":false},"excerpt":{"rendered":"<p>El organismo multilateral estima que el pa\u00eds entrar\u00e1 en recesi\u00f3n este a\u00f1o por los efectos de la sequ\u00eda extrema. Representa un recorte de cuatros puntos desde las previsiones de comienzos&hellip; <\/p>\n","protected":false},"author":8,"featured_media":65580,"comment_status":"closed","ping_status":"open","sticky":false,"template":"","format":"standard","meta":{"footnotes":""},"categories":[20],"tags":[],"class_list":["post-65579","post","type-post","status-publish","format-standard","has-post-thumbnail","hentry","category-economia"],"_links":{"self":[{"href":"https:\/\/corrientesdetarde.com\/index.php\/wp-json\/wp\/v2\/posts\/65579","targetHints":{"allow":["GET"]}}],"collection":[{"href":"https:\/\/corrientesdetarde.com\/index.php\/wp-json\/wp\/v2\/posts"}],"about":[{"href":"https:\/\/corrientesdetarde.com\/index.php\/wp-json\/wp\/v2\/types\/post"}],"author":[{"embeddable":true,"href":"https:\/\/corrientesdetarde.com\/index.php\/wp-json\/wp\/v2\/users\/8"}],"replies":[{"embeddable":true,"href":"https:\/\/corrientesdetarde.com\/index.php\/wp-json\/wp\/v2\/comments?post=65579"}],"version-history":[{"count":1,"href":"https:\/\/corrientesdetarde.com\/index.php\/wp-json\/wp\/v2\/posts\/65579\/revisions"}],"predecessor-version":[{"id":65581,"href":"https:\/\/corrientesdetarde.com\/index.php\/wp-json\/wp\/v2\/posts\/65579\/revisions\/65581"}],"wp:featuredmedia":[{"embeddable":true,"href":"https:\/\/corrientesdetarde.com\/index.php\/wp-json\/wp\/v2\/media\/65580"}],"wp:attachment":[{"href":"https:\/\/corrientesdetarde.com\/index.php\/wp-json\/wp\/v2\/media?parent=65579"}],"wp:term":[{"taxonomy":"category","embeddable":true,"href":"https:\/\/corrientesdetarde.com\/index.php\/wp-json\/wp\/v2\/categories?post=65579"},{"taxonomy":"post_tag","embeddable":true,"href":"https:\/\/corrientesdetarde.com\/index.php\/wp-json\/wp\/v2\/tags?post=65579"}],"curies":[{"name":"wp","href":"https:\/\/api.w.org\/{rel}","templated":true}]}}