{"id":65640,"date":"2023-06-06T20:04:40","date_gmt":"2023-06-06T23:04:40","guid":{"rendered":"https:\/\/corrientesdetarde.com\/?p=65640"},"modified":"2023-06-06T20:04:42","modified_gmt":"2023-06-06T23:04:42","slug":"en-virasoro-valdes-inauguro-el-hogar-de-adultos-mayores-madre-teresa","status":"publish","type":"post","link":"https:\/\/corrientesdetarde.com\/index.php\/sociales\/en-virasoro-valdes-inauguro-el-hogar-de-adultos-mayores-madre-teresa\/","title":{"rendered":"En Virasoro, Vald\u00e9s inaugur\u00f3 el Hogar de Adultos Mayores &#8220;Madre Teresa&#8221;"},"content":{"rendered":"\n<p>El gobernador Gustavo Vald\u00e9s junto a su comitiva continu\u00f3 con su agenda de trabajo en la ciudad de Virasoro donde inaugur\u00f3 el Hogar de Adultos Mayores \u201cMadre Teresa\u201d y subray\u00f3 que desde el estado provincial \u201cse est\u00e1 invirtiendo en la red de cuidados para adultos mayores, considerando que es importante honrar la vida y comprometerse con su cuidado\u201d.<\/p>\n\n\n\n<p>El Hogar \u201cMadre Teresa\u201d es una instituci\u00f3n dependiente del Ministerio de Desarrollo Social de la provincia, que desde el 20 de julio de 1986, hace ya treinta y siete a\u00f1os ha brindado atenci\u00f3n y cuidados a los adultos mayores de la ciudad de Virazoro y la zona; m\u00e1s de doscientos adultos mayores han pasado por las instalaciones y han sido beneficiarios de sus servicios.<\/p>\n\n\n\n<p>Actualmente, cuenta con un equipo interdisciplinario con profesionales como m\u00e9dicos de cl\u00ednica, kinesiolog\u00eda, nutricionistas, trabajadores sociales, dem\u00e1s enfermeros y cuidadores.<\/p>\n\n\n\n<p>Al dirigirse a los presentes, el Mandatario afirm\u00f3 que \u201cla sociedad tiene la responsabilidad de invertir recursos para aquellos que construyeron la comunidad y merecen ser cuidados. El Estado debe estar presente cuando los familiares no pueden hacerlo y es fundamental brindar amor, cari\u00f1o, afecto y compa\u00f1\u00eda\u201d &nbsp;felicitando &nbsp;al equipo de trabajo solidario que trabaja todos los d\u00edas e inst\u00f3 a trabajar juntos en este camino.<\/p>\n\n\n\n<p>Seguidamente se\u00f1al\u00f3 que \u201cel gobierno de la provincia de Corrientes est\u00e1 haciendo una &nbsp;muy buena inversi\u00f3n en reconstruir todo lo que es la red de cuidados de la tercera edad, con fondos propios de la provincia de Corrientes y tambi\u00e9n &nbsp;por convenio con intendentes que realmente tienen la preocupaci\u00f3n de poder resolver este tipo de problem\u00e1tica\u201d.<\/p>\n\n\n\n<p>Por \u00faltimo Vald\u00e9s felicit\u00f3 a todo el equipo de trabajo por \u201cel compromiso\u201d resaltando que \u201ceso es tener &nbsp;coraz\u00f3n, eso es abrirse, comprender la vida, es realmente ser solidarios, as\u00ed que a todos muchas gracias &nbsp;Ad\u00e1n (Gaya)\u201d.<\/p>\n\n\n\n<p><strong>Ministro Gaya<\/strong><\/p>\n\n\n\n<p>En este contexto, el ministro de Desarrollo Social, Ad\u00e1n Gaya, indic\u00f3 que \u201ccuando se trata de una obra estas caracter\u00edsticas que tienen que ver con nuestros abuelos, con la tercera edad tiene un significado particular que nos motiva\u201d, y agreg\u00f3 que \u201cclaramente hay una pol\u00edtica de Estado que tiene que ver con la infusi\u00f3n en uno de los eje del Gobierno\u201d.<\/p>\n\n\n\n<p>\u201cTenemos veintitr\u00e9s centros de adultos mayores en toda la provincia hemos inaugurado un nuevo Paso de los Libres, y estamos llevando adelante refacciones en 12 hogares de los 23 que tenemos, y hoy lo estamos inaugurando ac\u00e1\u201d, puntualiz\u00f3 Gaya.<\/p>\n\n\n\n<p>Por \u00faltimo, el Ministro puso de relieve que \u201choy queda muy claro que para el gobierno de Corrientes, y para nuestro gobernador, Gustavo V\u00e1ldes, fundamentalmente -que direcciona estas pol\u00edticas de Estado- que nuestros abuelos forman parte\u201d.<\/p>\n\n\n\n<figure class=\"wp-block-image size-large\"><img loading=\"lazy\" decoding=\"async\" width=\"1024\" height=\"683\" src=\"https:\/\/corrientesdetarde.com\/wp-content\/uploads\/2023\/06\/image-202-1024x683.png\" alt=\"\" class=\"wp-image-65643\" srcset=\"https:\/\/corrientesdetarde.com\/wp-content\/uploads\/2023\/06\/image-202-1024x683.png 1024w, https:\/\/corrientesdetarde.com\/wp-content\/uploads\/2023\/06\/image-202-300x200.png 300w, https:\/\/corrientesdetarde.com\/wp-content\/uploads\/2023\/06\/image-202-768x512.png 768w, https:\/\/corrientesdetarde.com\/wp-content\/uploads\/2023\/06\/image-202-1536x1024.png 1536w, https:\/\/corrientesdetarde.com\/wp-content\/uploads\/2023\/06\/image-202-272x182.png 272w, https:\/\/corrientesdetarde.com\/wp-content\/uploads\/2023\/06\/image-202.png 1599w\" sizes=\"auto, (max-width: 1024px) 100vw, 1024px\" \/><\/figure>\n\n\n\n<p><strong>Directora del Hogar<\/strong><\/p>\n\n\n\n<p>Por su parte, la directora del Hogar de Anciano \u201cMadre Teresa\u201d, Parcela Ayala, agradeci\u00f3 la presencia del Gobernador Vald\u00e9s y del Ministro Gaya reconociendo, a la vez, su colaboraci\u00f3n en esta obra.<\/p>\n\n\n\n<p><strong>Detalle de Obras<\/strong><\/p>\n\n\n\n<p>Cabe destacar que la obra que se realiz\u00f3 cuenta con los siguientes servicios: provisi\u00f3n de tanque de reserva y nueva red de la distribuci\u00f3n de agua. Ajuste, reparaci\u00f3n y puesta a punto de las instalaciones sanitarias, contra incendios de gas y el\u00e9ctricas, con provisi\u00f3n de termotanques y aire acondicionados con mencionados en todos los sectores, reemplazo de la totalidad de cubiertas y los brazos y pisos, provisi\u00f3n de equipamiento, de guardado en los dormitorios y provisi\u00f3n de electrodom\u00e9sticos y un lavadero cocina, refuncionalizaci\u00f3n del lavadero cocina, dep\u00f3sito habitaciones, y sanitarios y pintura en general del edificio.<\/p>\n\n\n\n<p><strong>Presencias<\/strong><\/p>\n\n\n\n<p>Acompa\u00f1aron al Gobernador, Gustavo Vald\u00e9s, el ministro de Desarrollo Social, Ad\u00e1n Gaya; la ministra de Educaci\u00f3n, Pr\u00e1xedes L\u00f3pez; el ministro de Producci\u00f3n, Claudio Anselmo; la directora del Hogar de Anciano \u201cMadre Teresa\u201d, Parcela Ayala; la ministra de Turismo, Alejandra Eliciri; legisladores; secretarios y subsecretarios; concejales, y dem\u00e1s autoridades.<\/p>\n\n\n\n<figure class=\"wp-block-image size-large\"><img loading=\"lazy\" decoding=\"async\" width=\"1024\" height=\"683\" src=\"https:\/\/corrientesdetarde.com\/wp-content\/uploads\/2023\/06\/image-201-1024x683.png\" alt=\"\" class=\"wp-image-65642\" srcset=\"https:\/\/corrientesdetarde.com\/wp-content\/uploads\/2023\/06\/image-201-1024x683.png 1024w, https:\/\/corrientesdetarde.com\/wp-content\/uploads\/2023\/06\/image-201-300x200.png 300w, https:\/\/corrientesdetarde.com\/wp-content\/uploads\/2023\/06\/image-201-768x512.png 768w, https:\/\/corrientesdetarde.com\/wp-content\/uploads\/2023\/06\/image-201-1536x1024.png 1536w, https:\/\/corrientesdetarde.com\/wp-content\/uploads\/2023\/06\/image-201-272x182.png 272w, https:\/\/corrientesdetarde.com\/wp-content\/uploads\/2023\/06\/image-201.png 1599w\" sizes=\"auto, (max-width: 1024px) 100vw, 1024px\" \/><\/figure>\n","protected":false},"excerpt":{"rendered":"<p>El gobernador Gustavo Vald\u00e9s junto a su comitiva continu\u00f3 con su agenda de trabajo en la ciudad de Virasoro donde inaugur\u00f3 el Hogar de Adultos Mayores \u201cMadre Teresa\u201d y subray\u00f3&hellip; <\/p>\n","protected":false},"author":8,"featured_media":65644,"comment_status":"closed","ping_status":"open","sticky":false,"template":"","format":"standard","meta":{"footnotes":""},"categories":[17],"tags":[],"class_list":["post-65640","post","type-post","status-publish","format-standard","has-post-thumbnail","hentry","category-sociales"],"_links":{"self":[{"href":"https:\/\/corrientesdetarde.com\/index.php\/wp-json\/wp\/v2\/posts\/65640","targetHints":{"allow":["GET"]}}],"collection":[{"href":"https:\/\/corrientesdetarde.com\/index.php\/wp-json\/wp\/v2\/posts"}],"about":[{"href":"https:\/\/corrientesdetarde.com\/index.php\/wp-json\/wp\/v2\/types\/post"}],"author":[{"embeddable":true,"href":"https:\/\/corrientesdetarde.com\/index.php\/wp-json\/wp\/v2\/users\/8"}],"replies":[{"embeddable":true,"href":"https:\/\/corrientesdetarde.com\/index.php\/wp-json\/wp\/v2\/comments?post=65640"}],"version-history":[{"count":1,"href":"https:\/\/corrientesdetarde.com\/index.php\/wp-json\/wp\/v2\/posts\/65640\/revisions"}],"predecessor-version":[{"id":65646,"href":"https:\/\/corrientesdetarde.com\/index.php\/wp-json\/wp\/v2\/posts\/65640\/revisions\/65646"}],"wp:featuredmedia":[{"embeddable":true,"href":"https:\/\/corrientesdetarde.com\/index.php\/wp-json\/wp\/v2\/media\/65644"}],"wp:attachment":[{"href":"https:\/\/corrientesdetarde.com\/index.php\/wp-json\/wp\/v2\/media?parent=65640"}],"wp:term":[{"taxonomy":"category","embeddable":true,"href":"https:\/\/corrientesdetarde.com\/index.php\/wp-json\/wp\/v2\/categories?post=65640"},{"taxonomy":"post_tag","embeddable":true,"href":"https:\/\/corrientesdetarde.com\/index.php\/wp-json\/wp\/v2\/tags?post=65640"}],"curies":[{"name":"wp","href":"https:\/\/api.w.org\/{rel}","templated":true}]}}