{"id":65745,"date":"2023-06-07T10:54:55","date_gmt":"2023-06-07T13:54:55","guid":{"rendered":"https:\/\/corrientesdetarde.com\/?p=65745"},"modified":"2023-06-07T10:54:59","modified_gmt":"2023-06-07T13:54:59","slug":"valdes-saludo-a-los-periodistas-en-su-dia","status":"publish","type":"post","link":"https:\/\/corrientesdetarde.com\/index.php\/actualidad\/valdes-saludo-a-los-periodistas-en-su-dia\/","title":{"rendered":"Vald\u00e9s salud\u00f3 a los periodistas en su d\u00eda"},"content":{"rendered":"\n<p>El gobernador Gustavo Vald\u00e9s este mi\u00e9rcoles, a trav\u00e9s de su cuenta de Twitter @gustavovaldesok, en el marco del D\u00eda del Periodista, expres\u00f3 su salutaci\u00f3n a quienes se desempe\u00f1an en dicha profesi\u00f3n diariamente.<\/p>\n\n\n\n<p>\u201cA todos los trabajadores de prensa correntinos que, con profesionalismo, honestidad y compromiso honran la importante labor de mantener informada a la sociedad\u201d, manifest\u00f3 el Mandatario.<\/p>\n\n\n\n<figure class=\"wp-block-image size-large\"><img loading=\"lazy\" decoding=\"async\" width=\"1024\" height=\"1024\" src=\"https:\/\/corrientesdetarde.com\/wp-content\/uploads\/2023\/06\/1-1024x1024.jpg\" alt=\"\" class=\"wp-image-65768\" srcset=\"https:\/\/corrientesdetarde.com\/wp-content\/uploads\/2023\/06\/1.jpg 1024w, https:\/\/corrientesdetarde.com\/wp-content\/uploads\/2023\/06\/1-300x300.jpg 300w, https:\/\/corrientesdetarde.com\/wp-content\/uploads\/2023\/06\/1-150x150.jpg 150w, https:\/\/corrientesdetarde.com\/wp-content\/uploads\/2023\/06\/1-768x768.jpg 768w, https:\/\/corrientesdetarde.com\/wp-content\/uploads\/2023\/06\/1-375x375.jpg 375w\" sizes=\"auto, (max-width: 1024px) 100vw, 1024px\" \/><\/figure>\n","protected":false},"excerpt":{"rendered":"<p>El gobernador Gustavo Vald\u00e9s este mi\u00e9rcoles, a trav\u00e9s de su cuenta de Twitter @gustavovaldesok, en el marco del D\u00eda del Periodista, expres\u00f3 su salutaci\u00f3n a quienes se desempe\u00f1an en dicha&hellip; <\/p>\n","protected":false},"author":4,"featured_media":65769,"comment_status":"closed","ping_status":"open","sticky":false,"template":"","format":"standard","meta":{"footnotes":""},"categories":[23],"tags":[],"class_list":["post-65745","post","type-post","status-publish","format-standard","has-post-thumbnail","hentry","category-actualidad"],"_links":{"self":[{"href":"https:\/\/corrientesdetarde.com\/index.php\/wp-json\/wp\/v2\/posts\/65745","targetHints":{"allow":["GET"]}}],"collection":[{"href":"https:\/\/corrientesdetarde.com\/index.php\/wp-json\/wp\/v2\/posts"}],"about":[{"href":"https:\/\/corrientesdetarde.com\/index.php\/wp-json\/wp\/v2\/types\/post"}],"author":[{"embeddable":true,"href":"https:\/\/corrientesdetarde.com\/index.php\/wp-json\/wp\/v2\/users\/4"}],"replies":[{"embeddable":true,"href":"https:\/\/corrientesdetarde.com\/index.php\/wp-json\/wp\/v2\/comments?post=65745"}],"version-history":[{"count":1,"href":"https:\/\/corrientesdetarde.com\/index.php\/wp-json\/wp\/v2\/posts\/65745\/revisions"}],"predecessor-version":[{"id":65770,"href":"https:\/\/corrientesdetarde.com\/index.php\/wp-json\/wp\/v2\/posts\/65745\/revisions\/65770"}],"wp:featuredmedia":[{"embeddable":true,"href":"https:\/\/corrientesdetarde.com\/index.php\/wp-json\/wp\/v2\/media\/65769"}],"wp:attachment":[{"href":"https:\/\/corrientesdetarde.com\/index.php\/wp-json\/wp\/v2\/media?parent=65745"}],"wp:term":[{"taxonomy":"category","embeddable":true,"href":"https:\/\/corrientesdetarde.com\/index.php\/wp-json\/wp\/v2\/categories?post=65745"},{"taxonomy":"post_tag","embeddable":true,"href":"https:\/\/corrientesdetarde.com\/index.php\/wp-json\/wp\/v2\/tags?post=65745"}],"curies":[{"name":"wp","href":"https:\/\/api.w.org\/{rel}","templated":true}]}}