{"id":65746,"date":"2023-06-07T10:41:49","date_gmt":"2023-06-07T13:41:49","guid":{"rendered":"https:\/\/corrientesdetarde.com\/?p=65746"},"modified":"2023-06-07T10:41:51","modified_gmt":"2023-06-07T13:41:51","slug":"cardozo-puso-en-funciones-al-director-del-hospital-de-virasoro","status":"publish","type":"post","link":"https:\/\/corrientesdetarde.com\/index.php\/informacion-general\/cardozo-puso-en-funciones-al-director-del-hospital-de-virasoro\/","title":{"rendered":"Cardozo puso en funciones al director del hospital de Virasoro"},"content":{"rendered":"\n<p>Se trata de Ricardo Jes\u00fas Esteche, un reconocido odont\u00f3logo de la localidad, que ahora estar\u00e1 al frente del hospital Dr. Miguel Sussini.<\/p>\n\n\n\n<p>El ministro de Salud P\u00fablica de la Provincia, Ricardo Cardozo, puso en funciones a Ricardo Jes\u00fas Esteche, como director del hospital Dr. Miguel Sussini, de Virasoro.<\/p>\n\n\n\n<figure class=\"wp-block-image size-large\"><img loading=\"lazy\" decoding=\"async\" width=\"1024\" height=\"669\" src=\"https:\/\/corrientesdetarde.com\/wp-content\/uploads\/2023\/06\/Captura-de-pantalla-2023-06-07-103847-1024x669.png\" alt=\"\" class=\"wp-image-65762\" srcset=\"https:\/\/corrientesdetarde.com\/wp-content\/uploads\/2023\/06\/Captura-de-pantalla-2023-06-07-103847-1024x669.png 1024w, https:\/\/corrientesdetarde.com\/wp-content\/uploads\/2023\/06\/Captura-de-pantalla-2023-06-07-103847-300x196.png 300w, https:\/\/corrientesdetarde.com\/wp-content\/uploads\/2023\/06\/Captura-de-pantalla-2023-06-07-103847-768x502.png 768w, https:\/\/corrientesdetarde.com\/wp-content\/uploads\/2023\/06\/Captura-de-pantalla-2023-06-07-103847.png 1303w\" sizes=\"auto, (max-width: 1024px) 100vw, 1024px\" \/><\/figure>\n\n\n\n<p>\u201cEn Virasoro, pusimos en funciones como director del hospital a Ricardo Jes\u00fas Esteche, un reconocido odont\u00f3logo de la localidad\u201d, public\u00f3 el ministro Ricardo Cardozo, a trav\u00e9s de sus redes sociales.<\/p>\n\n\n\n<p>\u201cMi agradecimiento al director saliente, Horacio Ledesma, por su tarea al frente de esta instituci\u00f3n\u201d, agreg\u00f3 y remarc\u00f3: \u201cAl nuevo director, gracias por asumir este compromiso y con el equipo del Ministerio de Salud de Salud P\u00fablica vamos a estar a disposici\u00f3n para que este hospital siga creciendo\u201d.<\/p>\n\n\n\n<figure class=\"wp-block-image size-large\"><img loading=\"lazy\" decoding=\"async\" width=\"1024\" height=\"674\" src=\"https:\/\/corrientesdetarde.com\/wp-content\/uploads\/2023\/06\/Captura-de-pantalla-2023-06-07-103856-1024x674.png\" alt=\"\" class=\"wp-image-65763\" srcset=\"https:\/\/corrientesdetarde.com\/wp-content\/uploads\/2023\/06\/Captura-de-pantalla-2023-06-07-103856-1024x674.png 1024w, https:\/\/corrientesdetarde.com\/wp-content\/uploads\/2023\/06\/Captura-de-pantalla-2023-06-07-103856-300x197.png 300w, https:\/\/corrientesdetarde.com\/wp-content\/uploads\/2023\/06\/Captura-de-pantalla-2023-06-07-103856-768x505.png 768w, https:\/\/corrientesdetarde.com\/wp-content\/uploads\/2023\/06\/Captura-de-pantalla-2023-06-07-103856.png 1301w\" sizes=\"auto, (max-width: 1024px) 100vw, 1024px\" \/><\/figure>\n","protected":false},"excerpt":{"rendered":"<p>Se trata de Ricardo Jes\u00fas Esteche, un reconocido odont\u00f3logo de la localidad, que ahora estar\u00e1 al frente del hospital Dr. Miguel Sussini. El ministro de Salud P\u00fablica de la Provincia,&hellip; <\/p>\n","protected":false},"author":4,"featured_media":65761,"comment_status":"closed","ping_status":"open","sticky":false,"template":"","format":"standard","meta":{"footnotes":""},"categories":[1],"tags":[],"class_list":["post-65746","post","type-post","status-publish","format-standard","has-post-thumbnail","hentry","category-informacion-general"],"_links":{"self":[{"href":"https:\/\/corrientesdetarde.com\/index.php\/wp-json\/wp\/v2\/posts\/65746","targetHints":{"allow":["GET"]}}],"collection":[{"href":"https:\/\/corrientesdetarde.com\/index.php\/wp-json\/wp\/v2\/posts"}],"about":[{"href":"https:\/\/corrientesdetarde.com\/index.php\/wp-json\/wp\/v2\/types\/post"}],"author":[{"embeddable":true,"href":"https:\/\/corrientesdetarde.com\/index.php\/wp-json\/wp\/v2\/users\/4"}],"replies":[{"embeddable":true,"href":"https:\/\/corrientesdetarde.com\/index.php\/wp-json\/wp\/v2\/comments?post=65746"}],"version-history":[{"count":1,"href":"https:\/\/corrientesdetarde.com\/index.php\/wp-json\/wp\/v2\/posts\/65746\/revisions"}],"predecessor-version":[{"id":65764,"href":"https:\/\/corrientesdetarde.com\/index.php\/wp-json\/wp\/v2\/posts\/65746\/revisions\/65764"}],"wp:featuredmedia":[{"embeddable":true,"href":"https:\/\/corrientesdetarde.com\/index.php\/wp-json\/wp\/v2\/media\/65761"}],"wp:attachment":[{"href":"https:\/\/corrientesdetarde.com\/index.php\/wp-json\/wp\/v2\/media?parent=65746"}],"wp:term":[{"taxonomy":"category","embeddable":true,"href":"https:\/\/corrientesdetarde.com\/index.php\/wp-json\/wp\/v2\/categories?post=65746"},{"taxonomy":"post_tag","embeddable":true,"href":"https:\/\/corrientesdetarde.com\/index.php\/wp-json\/wp\/v2\/tags?post=65746"}],"curies":[{"name":"wp","href":"https:\/\/api.w.org\/{rel}","templated":true}]}}