{"id":65748,"date":"2023-06-07T10:37:43","date_gmt":"2023-06-07T13:37:43","guid":{"rendered":"https:\/\/corrientesdetarde.com\/?p=65748"},"modified":"2023-06-07T10:37:46","modified_gmt":"2023-06-07T13:37:46","slug":"la-joaqui-se-toma-un-tiempo-en-su-carrera-musical-por-razones-de-salud","status":"publish","type":"post","link":"https:\/\/corrientesdetarde.com\/index.php\/espectaculos\/la-joaqui-se-toma-un-tiempo-en-su-carrera-musical-por-razones-de-salud\/","title":{"rendered":"La Joaqui se toma \u201cun tiempo\u201d en su carrera musical por razones de salud"},"content":{"rendered":"\n<p>La cantante lo anunci\u00f3 en sus redes sociales. Indic\u00f3 que se debe a un \u201cestr\u00e9s traum\u00e1tico\u201d y borr\u00f3 todas sus fotos de Instagram.<\/p>\n\n\n\n<p>Joaquinha Lerena De La Riva, conocida popularmente por su nombre art\u00edstico<strong>\u00a0La Joaqui, anunci\u00f3 este martes por la noche que se tomar\u00e1 \u201cun tiempo\u201d en su carrera musical por razones de salud.<\/strong><\/p>\n\n\n\n<p>La artista de 28 a\u00f1os, que atraviesa su mejor momento en la industria, remarc\u00f3 que&nbsp;<strong>su decisi\u00f3n se mantendr\u00e1 \u201chasta nuevo aviso\u201d y posteriormente borr\u00f3 todas las fotos de su cuenta de Instagram.<\/strong><\/p>\n\n\n\n<p>A trav\u00e9s de una historia en esa misma red social, La Joaqui le comunic\u00f3 a sus seguidores la noticia y aclar\u00f3 que se debe a un&nbsp;<strong>\u201cestr\u00e9s traum\u00e1tico\u201d y que por eso va a &#8220;cuidar&#8221; su salud y bienestar.<\/strong><\/p>\n\n\n\n<p><strong>\u201cHoy quiero compartirles una noticia personal. Debido a motivos de estr\u00e9s traum\u00e1tico, he decidido tomarme un tiempo para cuidar mi salud y bienestar\u201d<\/strong>, comenz\u00f3 la artista popular.&nbsp;<\/p>\n\n\n\n<figure class=\"wp-block-image\"><img decoding=\"async\" src=\"https:\/\/noticiasargentinas.com\/images\/NA\/Contenidos\/la_joaqui_anuncio.webp\" alt=\"la_joaqui_anuncio.png\"\/><\/figure>\n\n\n\n<p>Y cerr\u00f3:<strong>&nbsp;\u201cPor esta raz\u00f3n, lamentablemente, no podr\u00e9 realizar m\u00e1s shows hasta nuevo aviso\u201d.<\/strong><\/p>\n\n\n\n<figure class=\"wp-block-image\"><img decoding=\"async\" src=\"https:\/\/noticiasargentinas.com\/images\/NA\/Contenidos\/la_joaqui_insta.webp\" alt=\"la_joaqui_insta.png\"\/><\/figure>\n\n\n\n<h2 class=\"wp-block-heading\">La Joaqui atraviesa su mejor momento musical<\/h2>\n\n\n\n<p>La Joaqui es una cantautora, compositora y rapera de 28 a\u00f1os que logr\u00f3 afianzarse en el g\u00e9nero RKT, que es la mezcla de cumbia y reggaet\u00f3n.<\/p>\n\n\n\n<p>Con \u00e9xitos como&nbsp;<em>Mu\u00f1ecas, Butakera y Dos Besitos<\/em>, la nacida en Mar del Plata que vivi\u00f3 su infancia en Costa Rica logr\u00f3 ser una de las artistas m\u00e1s escuchadas entre los m\u00e1s j\u00f3venes.<\/p>\n\n\n\n<p>Recientemente, la artista&nbsp;<strong>gan\u00f3 un premio Gardel, adem\u00e1s de que tres de sus canciones se encuentran en el r\u00e1nking de mayor reproducciones de Billboard.<\/strong><\/p>\n\n\n\n<p>Horas atr\u00e1s, circul\u00f3 un video suyo con Mau y Ricky, mientras grababan un videoclip en Buenos Aires. A su vez, su futuro laboral estaba marcado por shows en boliches -algunos ya comenzaron a cancelarlos- y su participaci\u00f3n como jurado de<em>&nbsp;Got Talent Argentina 2023<\/em>, junto con Abel Pintos, Emir Abdul y Flor Pe\u00f1a.<\/p>\n\n\n\n<p>De hecho, la marplatense ten\u00eda por delante algunas grabaciones del programa en los pr\u00f3ximos d\u00edas.<\/p>\n","protected":false},"excerpt":{"rendered":"<p>La cantante lo anunci\u00f3 en sus redes sociales. Indic\u00f3 que se debe a un \u201cestr\u00e9s traum\u00e1tico\u201d y borr\u00f3 todas sus fotos de Instagram. Joaquinha Lerena De La Riva, conocida popularmente&hellip; <\/p>\n","protected":false},"author":4,"featured_media":65759,"comment_status":"closed","ping_status":"open","sticky":false,"template":"","format":"standard","meta":{"footnotes":""},"categories":[19],"tags":[],"class_list":["post-65748","post","type-post","status-publish","format-standard","has-post-thumbnail","hentry","category-espectaculos"],"_links":{"self":[{"href":"https:\/\/corrientesdetarde.com\/index.php\/wp-json\/wp\/v2\/posts\/65748","targetHints":{"allow":["GET"]}}],"collection":[{"href":"https:\/\/corrientesdetarde.com\/index.php\/wp-json\/wp\/v2\/posts"}],"about":[{"href":"https:\/\/corrientesdetarde.com\/index.php\/wp-json\/wp\/v2\/types\/post"}],"author":[{"embeddable":true,"href":"https:\/\/corrientesdetarde.com\/index.php\/wp-json\/wp\/v2\/users\/4"}],"replies":[{"embeddable":true,"href":"https:\/\/corrientesdetarde.com\/index.php\/wp-json\/wp\/v2\/comments?post=65748"}],"version-history":[{"count":1,"href":"https:\/\/corrientesdetarde.com\/index.php\/wp-json\/wp\/v2\/posts\/65748\/revisions"}],"predecessor-version":[{"id":65760,"href":"https:\/\/corrientesdetarde.com\/index.php\/wp-json\/wp\/v2\/posts\/65748\/revisions\/65760"}],"wp:featuredmedia":[{"embeddable":true,"href":"https:\/\/corrientesdetarde.com\/index.php\/wp-json\/wp\/v2\/media\/65759"}],"wp:attachment":[{"href":"https:\/\/corrientesdetarde.com\/index.php\/wp-json\/wp\/v2\/media?parent=65748"}],"wp:term":[{"taxonomy":"category","embeddable":true,"href":"https:\/\/corrientesdetarde.com\/index.php\/wp-json\/wp\/v2\/categories?post=65748"},{"taxonomy":"post_tag","embeddable":true,"href":"https:\/\/corrientesdetarde.com\/index.php\/wp-json\/wp\/v2\/tags?post=65748"}],"curies":[{"name":"wp","href":"https:\/\/api.w.org\/{rel}","templated":true}]}}