{"id":65771,"date":"2023-06-07T10:59:52","date_gmt":"2023-06-07T13:59:52","guid":{"rendered":"https:\/\/corrientesdetarde.com\/?p=65771"},"modified":"2023-06-07T11:00:48","modified_gmt":"2023-06-07T14:00:48","slug":"silvina-luna-internada-empece-el-camino-al-trasplante","status":"publish","type":"post","link":"https:\/\/corrientesdetarde.com\/index.php\/espectaculos\/silvina-luna-internada-empece-el-camino-al-trasplante\/","title":{"rendered":"Silvina Luna, internada: \u201cEmpec\u00e9 el camino al trasplante\u201d"},"content":{"rendered":"\n<p>La actriz se mostr\u00f3 entusiasmada porque encontraron los medicamentos correspondientes para combatir la bacteria que tiene.<\/p>\n\n\n\n<p><strong>Silvina Luna<\/strong>\u00a0vive una situaci\u00f3n desesperante\u00a0como consecuencia de la cirug\u00eda est\u00e9tica a la que se someti\u00f3 en el a\u00f1o 2011 cuando<strong>\u00a0An\u00edbal Lotocki<\/strong>\u00a0le habr\u00eda colocado sustancias peligrosas en sus gl\u00fateos, que le provocaron\u00a0<strong>una hipercalcemia y una insuficiencia renal.<\/strong><\/p>\n\n\n\n<p>Hace pocas semanas, la actriz sorprendi\u00f3 al publicar un video mientras se somet\u00eda a&nbsp;<strong>di\u00e1lisis<\/strong>&nbsp;y luego explic\u00f3 que para poder trasplantarse primero ten\u00eda que combatir una bacteria:&nbsp;<strong>\u201cPara entrar en la lista de espera para un trasplante, antes tengo que vencer una bacteria que est\u00e1 dando vueltas por mi cuerpo<\/strong>. Tengo que pensarlo como un paso a paso&#8230; Si pienso en todo lo que tengo que encarar, me agarra una ansiedad b\u00e1rbara\u201d.<\/p>\n\n\n\n<p><strong>\u201cFamiliares m\u00edos se ofrecieron a donarme un ri\u00f1\u00f3n<\/strong>. Todav\u00eda falta y no me quiero adelantar. Primero tengo que estar en la lista del Incucai. Una de las personas que se ofreci\u00f3 fue mi hermano, pero a m\u00ed todav\u00eda me da cosa hablarlo. &nbsp;Yo s\u00e9 que \u00e9l est\u00e1 ah\u00ed, pero todo depende de muchas cosas\u201d, detall\u00f3 Luna.<\/p>\n\n\n\n<p>Lo cierto es que si bien&nbsp;<strong>est\u00e1 internada desde el jueves pasado en el Hospital Italiano<\/strong>, ahora Silvina ve una luz de esperanza porque pudieron detectar cu\u00e1l es la bacteria que la est\u00e1 afectando. \u201cSupongo que ma\u00f1ana ya me voy a casa. Me vine a internar porque salieron los resultados de la biopsia de la microbacteria y, por fin,&nbsp;<strong>se pudo detectar cu\u00e1les son los remedios espec\u00edficos que tengo que tomar.<\/strong>&nbsp;Son dos, as\u00ed que los estoy probando ahora, internada, para ver si los tolero y si est\u00e1 todo bien. Por ahora, viene todo perfecto, as\u00ed que estoy contenta con eso\u201d.<\/p>\n\n\n\n<p>\u201c<strong>Ya empec\u00e9 otro camino que me tiene entusiasmada, que es el camino para combatir esta bacteria y el camino al trasplante<\/strong>. Quer\u00eda cont\u00e1rselos a todos los que est\u00e1n ah\u00ed pendientes, a los que me preguntan y a los que me env\u00edan oraciones y palabras de cari\u00f1o. As\u00ed que gracias y seguimos ah\u00ed, con fuerza. A no bajar los brazos a toda persona que est\u00e9 en una situaci\u00f3n similar\u201d, finaliz\u00f3 la actriz.<\/p>\n\n\n\n<figure class=\"wp-block-embed is-type-video is-provider-youtube wp-block-embed-youtube wp-embed-aspect-16-9 wp-has-aspect-ratio\"><div class=\"wp-block-embed__wrapper\">\n<iframe loading=\"lazy\" title=\"Silvina Luna habl\u00f3 sobre su salud- Minuto Argentina\" width=\"1110\" height=\"624\" src=\"https:\/\/www.youtube.com\/embed\/-nHBMjny-Is?feature=oembed\" frameborder=\"0\" allow=\"accelerometer; autoplay; clipboard-write; encrypted-media; gyroscope; picture-in-picture; web-share\" allowfullscreen><\/iframe>\n<\/div><\/figure>\n","protected":false},"excerpt":{"rendered":"<p>La actriz se mostr\u00f3 entusiasmada porque encontraron los medicamentos correspondientes para combatir la bacteria que tiene. Silvina Luna\u00a0vive una situaci\u00f3n desesperante\u00a0como consecuencia de la cirug\u00eda est\u00e9tica a la que se&hellip; <\/p>\n","protected":false},"author":4,"featured_media":65772,"comment_status":"closed","ping_status":"open","sticky":false,"template":"","format":"standard","meta":{"footnotes":""},"categories":[19],"tags":[],"class_list":["post-65771","post","type-post","status-publish","format-standard","has-post-thumbnail","hentry","category-espectaculos"],"_links":{"self":[{"href":"https:\/\/corrientesdetarde.com\/index.php\/wp-json\/wp\/v2\/posts\/65771","targetHints":{"allow":["GET"]}}],"collection":[{"href":"https:\/\/corrientesdetarde.com\/index.php\/wp-json\/wp\/v2\/posts"}],"about":[{"href":"https:\/\/corrientesdetarde.com\/index.php\/wp-json\/wp\/v2\/types\/post"}],"author":[{"embeddable":true,"href":"https:\/\/corrientesdetarde.com\/index.php\/wp-json\/wp\/v2\/users\/4"}],"replies":[{"embeddable":true,"href":"https:\/\/corrientesdetarde.com\/index.php\/wp-json\/wp\/v2\/comments?post=65771"}],"version-history":[{"count":2,"href":"https:\/\/corrientesdetarde.com\/index.php\/wp-json\/wp\/v2\/posts\/65771\/revisions"}],"predecessor-version":[{"id":65775,"href":"https:\/\/corrientesdetarde.com\/index.php\/wp-json\/wp\/v2\/posts\/65771\/revisions\/65775"}],"wp:featuredmedia":[{"embeddable":true,"href":"https:\/\/corrientesdetarde.com\/index.php\/wp-json\/wp\/v2\/media\/65772"}],"wp:attachment":[{"href":"https:\/\/corrientesdetarde.com\/index.php\/wp-json\/wp\/v2\/media?parent=65771"}],"wp:term":[{"taxonomy":"category","embeddable":true,"href":"https:\/\/corrientesdetarde.com\/index.php\/wp-json\/wp\/v2\/categories?post=65771"},{"taxonomy":"post_tag","embeddable":true,"href":"https:\/\/corrientesdetarde.com\/index.php\/wp-json\/wp\/v2\/tags?post=65771"}],"curies":[{"name":"wp","href":"https:\/\/api.w.org\/{rel}","templated":true}]}}