{"id":65778,"date":"2023-06-07T11:51:14","date_gmt":"2023-06-07T14:51:14","guid":{"rendered":"https:\/\/corrientesdetarde.com\/?p=65778"},"modified":"2023-06-07T11:51:18","modified_gmt":"2023-06-07T14:51:18","slug":"andres-iniesta-se-acerca-a-argentinos-juniors","status":"publish","type":"post","link":"https:\/\/corrientesdetarde.com\/index.php\/deportes\/andres-iniesta-se-acerca-a-argentinos-juniors\/","title":{"rendered":"\u00bfAndr\u00e9s Iniesta se acerca a Argentinos Juniors?"},"content":{"rendered":"\n<p>\u201cAh\u00ed estamos. Hay contacto\u201d, se\u00f1al\u00f3 el jugador espa\u00f1ol a quien el entrenador Gabriel Milito llam\u00f3 para que se sume al equipo de La Paternal.<\/p>\n\n\n\n<p><strong>El mediocampista espa\u00f1ol Andr\u00e9s Iniesta, de 39 a\u00f1os<\/strong>&nbsp;y que acaba de quedar libre tras jugar&nbsp;su \u00faltimo partido en el Vissel Kobe de Jap\u00f3n,<strong>&nbsp;reconoci\u00f3 que se encuentra en contacto con el t\u00e9cnico Gabriel Milito,<\/strong>&nbsp;quien&nbsp;<strong>pretende sumarlo al primer equipo de Argentinos Juniors.<\/strong><\/p>\n\n\n\n<p><strong>\u201cAh\u00ed estamos. Hay contacto\u201d,<\/strong>&nbsp;se\u00f1al\u00f3 Iniesta al ser consultado por el influencer argentino Jero Freixas sobre el inter\u00e9s del club de La Paternal aunque tambi\u00e9n estar\u00eda&nbsp;a la espera de nuevas ofertas para conocer su futuro futbol\u00edstico.<\/p>\n\n\n\n<p><strong>El jugador espa\u00f1ol disput\u00f3 el martes su \u00faltimo encuentro con el Vissel Kobe, que termin\u00f3 en derrota por 2 a 0 frente al Barcelona<\/strong>&nbsp;en un amistoso. De esta manera, se despidi\u00f3 de la liga japonesa a la que hab\u00eda llegado en 2018.<\/p>\n\n\n\n<p>El presidente de club argentino,<strong>&nbsp;Cristian Malaspina,<\/strong>&nbsp;hab\u00eda se\u00f1alado en di\u00e1logo con TyC Sports sobre el inter\u00e9s por Andr\u00e9s Iniesta: \u201cMilito habl\u00f3 con Iniesta para ver si quiere venir al club. Son amigos. No hay nada concreto\u201d.<\/p>\n\n\n\n<p>Iniesta&nbsp;quiere seguir jugando al f\u00fatbol, ya que hubiera querido seguir jugando en el conjunto asi\u00e1tico, pero desde la entidad dejaron claro que no quer\u00edan seguir contando con \u00e9l: \u201cCreo que siempre nos hab\u00edamos imaginado que me retirar\u00eda aqu\u00ed, era el deseo de todos.&nbsp;<strong>Quiero seguir jugando\u201d.<\/strong><\/p>\n","protected":false},"excerpt":{"rendered":"<p>\u201cAh\u00ed estamos. Hay contacto\u201d, se\u00f1al\u00f3 el jugador espa\u00f1ol a quien el entrenador Gabriel Milito llam\u00f3 para que se sume al equipo de La Paternal. El mediocampista espa\u00f1ol Andr\u00e9s Iniesta, de&hellip; <\/p>\n","protected":false},"author":4,"featured_media":65791,"comment_status":"closed","ping_status":"open","sticky":false,"template":"","format":"standard","meta":{"footnotes":""},"categories":[4],"tags":[],"class_list":["post-65778","post","type-post","status-publish","format-standard","has-post-thumbnail","hentry","category-deportes"],"_links":{"self":[{"href":"https:\/\/corrientesdetarde.com\/index.php\/wp-json\/wp\/v2\/posts\/65778","targetHints":{"allow":["GET"]}}],"collection":[{"href":"https:\/\/corrientesdetarde.com\/index.php\/wp-json\/wp\/v2\/posts"}],"about":[{"href":"https:\/\/corrientesdetarde.com\/index.php\/wp-json\/wp\/v2\/types\/post"}],"author":[{"embeddable":true,"href":"https:\/\/corrientesdetarde.com\/index.php\/wp-json\/wp\/v2\/users\/4"}],"replies":[{"embeddable":true,"href":"https:\/\/corrientesdetarde.com\/index.php\/wp-json\/wp\/v2\/comments?post=65778"}],"version-history":[{"count":1,"href":"https:\/\/corrientesdetarde.com\/index.php\/wp-json\/wp\/v2\/posts\/65778\/revisions"}],"predecessor-version":[{"id":65792,"href":"https:\/\/corrientesdetarde.com\/index.php\/wp-json\/wp\/v2\/posts\/65778\/revisions\/65792"}],"wp:featuredmedia":[{"embeddable":true,"href":"https:\/\/corrientesdetarde.com\/index.php\/wp-json\/wp\/v2\/media\/65791"}],"wp:attachment":[{"href":"https:\/\/corrientesdetarde.com\/index.php\/wp-json\/wp\/v2\/media?parent=65778"}],"wp:term":[{"taxonomy":"category","embeddable":true,"href":"https:\/\/corrientesdetarde.com\/index.php\/wp-json\/wp\/v2\/categories?post=65778"},{"taxonomy":"post_tag","embeddable":true,"href":"https:\/\/corrientesdetarde.com\/index.php\/wp-json\/wp\/v2\/tags?post=65778"}],"curies":[{"name":"wp","href":"https:\/\/api.w.org\/{rel}","templated":true}]}}